{"id":2973,"date":"2020-02-09T08:16:39","date_gmt":"2020-02-09T07:16:39","guid":{"rendered":"https:\/\/www.european-institute.cz\/?p=2973"},"modified":"2020-02-12T18:16:49","modified_gmt":"2020-02-12T17:16:49","slug":"oslava-zalozeni-samostatne-ceskoslovenske-republiky-101-vyroci","status":"publish","type":"post","link":"https:\/\/www.european-institute.cz\/en\/oslava-zalozeni-samostatne-ceskoslovenske-republiky-101-vyroci\/","title":{"rendered":"OSLAVA ZALO\u017dEN\u00cd SAMOSTATN\u00c9 \u010cESKOSLOVENSK\u00c9 REPUBLIKY \u2013 101. V\u00ddRO\u010c\u00cd"},"content":{"rendered":"<h2 style=\"text-align: center;\">OSLAVA ZALO\u017dEN\u00cd SAMOSTATN\u00c9 \u010cESKOSLOVENSK\u00c9 REPUBLIKY \u2013 101. V\u00ddRO\u010c\u00cd<\/h2>\n<h4 style=\"text-align: center;\">27.10.2019 \u2013 28.10.2019<br \/>\nZ\u00e1mek Berchtold \u2013 Muzeum TGM v L\u00e1nech<\/h4>\n<p><a href=\"https:\/\/www.european-institute.cz\/wp-content\/uploads\/2019\/11\/101.-Let-CSR-zastita-Prezidenta-CR-725x1024-1.jpg\"><img loading=\"lazy\" decoding=\"async\" class=\"aligncenter size-large wp-image-3010\" src=\"https:\/\/www.european-institute.cz\/wp-content\/uploads\/2019\/11\/101.-Let-CSR-zastita-Prezidenta-CR-725x1024-1-725x1024.jpg\" alt=\"\" width=\"725\" height=\"1024\" srcset=\"https:\/\/www.european-institute.cz\/wp-content\/uploads\/2019\/11\/101.-Let-CSR-zastita-Prezidenta-CR-725x1024-1.jpg 725w, https:\/\/www.european-institute.cz\/wp-content\/uploads\/2019\/11\/101.-Let-CSR-zastita-Prezidenta-CR-725x1024-1-212x300.jpg 212w\" sizes=\"auto, (max-width: 725px) 100vw, 725px\" \/><\/a><\/p>\n<p class=\"s6\"><span class=\"s5\">Zapsan\u00fd spolek \u010cSR \u2013 \u010cESKOSLOVENSK\u00c9 RENOM\u00c9 a EUROPEAN INSTITUTE <\/span><span class=\"s5\">Prague <\/span><span class=\"s5\">i <\/span><span class=\"s5\">v\u00a0leto\u0161n\u00edm roce ve spolupr\u00e1ci s <\/span><span class=\"s5\">tradi\u010dn<\/span><span class=\"s5\">\u00ed<\/span><span class=\"s5\">mi<\/span><span class=\"s5\"> partnery Muzeem TGM a Spole\u010dnost\u00ed M. R. \u0160tef\u00e1nika zorganizovali pod z\u00e1\u0161titou prezidenta \u010cR a velvyslance SR v \u010cR tradi\u010dn\u00ed <\/span><a name=\"_Hlk23406187\"><\/a><span class=\"s5\">OSLAVU ZALO\u017dEN\u00cd SAMOSTATN\u00c9 \u010cESKOSLOVENSK\u00c9 REPUBLIKY \u2013 101. V\u00ddRO\u010c\u00cd<\/span><span class=\"s5\">.<\/span><\/p>\n<p class=\"s9\"><span class=\"s7\">Leto\u0161n\u00ed ro\u010dn\u00edk se o<\/span><span class=\"s7\">d<\/span><span class=\"s7\"> jin\u00fdch li\u0161il hlavn\u011b v\u00a0tom, <\/span><span class=\"s7\">\u017ee <\/span><span class=\"s7\">celkov\u011b 5 <\/span><span class=\"s7\">slavnostn\u00edch <\/span><span class=\"s7\">akc\u00ed se rozlo\u017eilo do d<\/span><span class=\"s7\">v<\/span><span class=\"s7\">ou dn\u016f. Dne 27. \u0159\u00edjna 2019 se na <\/span><strong><span class=\"s5\">Z<\/span><span class=\"s5\">\u00e1mku <\/span><span class=\"s5\">Berchtold<\/span><\/strong><span class=\"s7\"> konal v\u00a0dopoledn\u00edch hodin\u00e1ch ji\u017e <\/span><strong><span class=\"s5\">6. ro\u010dn\u00edk <\/span><span class=\"s5\">mezin\u00e1rodn\u00ed <\/span><span class=\"s5\">konference<\/span> <\/strong><span class=\"s8\"><strong>\u201eBezpe\u010dnostn\u00ed a krizov\u00fd management v\u00a0re\u00e1ln\u00e9m prost\u0159ed\u00ed<\/strong>.\u201c<\/span><span class=\"s5\">\u00a0<\/span><span class=\"s7\">Se\u0161lo se zde mnoho oborn\u00edk\u016f a expert\u016f na bezpe\u010dnost, pr\u00e1vo a management, kte\u0159\u00ed p\u0159edn\u00e1\u0161eli o sou\u010dasn\u00fdch t\u00e9matech<\/span><span class=\"s5\">. <strong>Mezi p\u0159edn\u00e1\u0161ej\u00edc\u00edmi byl<\/strong><\/span><strong><span class=\"s5\"> nap\u0159\u00edklad<\/span><span class=\"s5\"> Izraelsk\u00fd bezpe\u010dnostn\u00ed expert David <\/span><span class=\"s5\">Bohbot<\/span><span class=\"s5\">, MBA, slovensk\u00fd bezpe\u010dnost\u00ed expert a \u010dlen gr<\/span><span class=\"s5\">\u00e9<\/span><span class=\"s5\">mia EUROPEAN INSTITUTU Dr. Ing. Juraj Z\u00e1bojn\u00edk, PhD<\/span><span class=\"s5\">,<\/span> <span class=\"s5\">d<\/span><span class=\"s5\">oc. <\/span><span class=\"s5\">et doc. MUDr. Eli\u0161ka Kub\u00edkov\u00e1, PhD., p\u0159ednostka Anatomick\u00e9ho \u00fastavu LKUK<\/span><span class=\"s5\">, <\/span><span class=\"s5\">Kpt. Ing. Beno <\/span><span class=\"s5\">Ge<\/span><span class=\"s5\">, MPA<\/span><span class=\"s5\">, <\/span><span class=\"s5\">p\u0159edseda komise pro bezpe\u010dnost a prevenci kriminality Praha 1<\/span><span class=\"s5\"> a <\/span><span class=\"s5\">protokol\u00e1rn\u00ed d\u016fstojn\u00edk Ministerstva obrany \u010cR,<\/span> <span class=\"s5\">Dr. Mihajlo <\/span><span class=\"s5\">Todorovi\u010d<\/span><span class=\"s5\">, a<\/span><span class=\"s5\">dvok\u00e1t<\/span><span class=\"s5\"> ze<\/span><span class=\"s5\"> Srbsk<\/span><span class=\"s5\">a, <\/span><span class=\"s5\">prim\u00e1tor m\u011bsta Ke\u017emarok p. <\/span><span class=\"s5\">PhDr. Mgr. J\u00e1n <\/span><span class=\"s5\">Feren\u010d\u00e1k<\/span><span class=\"s5\">, MBA<\/span><span class=\"s5\">,<\/span> <span class=\"s5\">ale i<\/span> <span class=\"s5\">majitel EUROPEAN INSTITUTE a poslan<\/span><span class=\"s5\">ec<\/span><span class=\"s5\"> m\u011bsta Ko\u0161ice p. <\/span><span class=\"s5\">Ing. <\/span><span class=\"s5\">Vladislav<\/span> <span class=\"s5\">Stank<\/span><span class=\"s5\">o, MBA, LL.M.<\/span><\/strong><\/p>\n<p class=\"s6\"><strong><span class=\"s5\">Po slavnostn\u00edch promoc<\/span><span class=\"s5\">\u00ed<\/span><span class=\"s5\">ch<\/span><span class=\"s5\"> absolvent\u016f postgradu\u00e1ln\u00edho <\/span><span class=\"s5\">mana\u017eersk\u00e9ho <\/span><span class=\"s5\">studia MBA<\/span><span class=\"s5\">, MPH<\/span><span class=\"s5\"> a LL.M. na EUROPEAN INSTITUTE<\/span><span class=\"s7\">, kter\u00e9 se odehr\u00e1li na z\u00e1mku od 17.00 hodin, <\/span><span class=\"s7\">n\u00e1sledovala <\/span><span class=\"s7\">v\u00a0<\/span><span class=\"s5\">19:18 hodin<\/span><span class=\"s5\"> Oslava st\u00e1tn\u00edho sv\u00e1tku \u010ceskoslovenska \u010deskou hymnou v\u00a0pod\u00e1n\u00ed<\/span> <span class=\"s5\">Anny Julie Slov\u00e1\u010dkov\u00e9 a slovenskou <\/span><span class=\"s5\">hymnou <\/span><span class=\"s5\">v\u00a0pod\u00e1n\u00ed<\/span><span class=\"s5\"> zp\u011bv\u00e1ka <\/span><span class=\"s5\">David<\/span><span class=\"s5\">a<\/span> <span class=\"s5\">Key<\/span><span class=\"s5\"> ze SR<\/span><span class=\"s5\">. <\/span><span class=\"s5\">N\u00e1sledn\u011b slavnostn\u00edmi proslovy \u0159editelky Muzea TGM p\u00ed.<\/span> <span class=\"s5\">Ing. Petr<\/span><span class=\"s5\">y<\/span><span class=\"s5\"> Kop\u00e1\u010dkov<\/span><span class=\"s5\">\u00e9<\/span><span class=\"s5\">, z\u00e1stupkyn\u00ed <\/span><span class=\"s5\">Spolo\u010dnosti<\/span><span class=\"s5\"> Gen. M. R. \u0160tef\u00e1nika p\u00ed. <\/span><span class=\"s5\">Ing. Luci<\/span><span class=\"s5\">i<\/span> <span class=\"s5\">\u0160kvareninov<\/span><span class=\"s5\">\u00e9<\/span><span class=\"s5\">, majitele<\/span><span class=\"s5\">m<\/span><span class=\"s5\"> Z\u00e1mku <\/span><span class=\"s5\">Berchtold<\/span> <span class=\"s5\">p. <\/span><span class=\"s5\">JUDr. V\u00e1clavem R\u016f\u017ei\u010dkou a <\/span><span class=\"s5\">majitelem EUROPEAN INSTITUTE a poslancem m\u011bsta Ko\u0161ice p. Vladislavem Stankem<\/span><span class=\"s5\">. <\/span><\/strong><\/p>\n<p class=\"s6\"><span class=\"s7\">Ofici\u00e1ln\u00edm programem prov\u00e1d\u011bl <\/span><span class=\"s7\">legend\u00e1rn\u00ed<\/span> <span class=\"s7\">televizn\u00ed hlasatel <\/span><span class=\"s7\">\u010deskoslovensk\u00e9 televize <\/span><span class=\"s7\">a moder\u00e1tor<\/span><span class=\"s7\">\u010desk\u00e9 televize p. <\/span><strong><span class=\"s5\">Alexandr <\/span><span class=\"s5\">Hemala<\/span><\/strong><span class=\"s7\"> a jako nejv\u011bt\u0161\u00ed hv\u011bzda zaz\u00e1\u0159il pan <\/span><strong><span class=\"s5\">Felix <\/span><span class=\"s5\">A. <\/span><span class=\"s5\">Slov\u00e1\u010dek.<\/span><\/strong> <span class=\"s7\">D\u00e1le<\/span><span class=\"s7\">p\u0159\u00edtomn\u00e9 hosty pot\u011b\u0161ila houslist<\/span><span class=\"s7\">k<\/span><span class=\"s7\">a <\/span><strong><span class=\"s5\">Marina <\/span><span class=\"s5\">Raneta<\/span><\/strong><span class=\"s7\"> z\u00a0Mold\u00e1vie, sv\u00fdm <\/span><span class=\"s7\">folkl\u00f3rn\u00ed<\/span><span class=\"s7\">m<\/span><span class=\"s7\"> vystoupen\u00ed<\/span><span class=\"s7\">m excelovala<\/span><span class=\"s7\"> v\u00edt\u011bzk<\/span><span class=\"s7\">a<\/span><span class=\"s7\"> Miss Folkl\u00f3r a absolventk<\/span><span class=\"s7\">a<\/span><span class=\"s7\"> programu MBA na EUROPEAN INSTITUTE <\/span><span class=\"s5\">Veronik<\/span><span class=\"s5\">a<\/span><span class=\"s5\">Vargov<\/span><span class=\"s5\">\u00e1<\/span><span class=\"s7\"> s\u00a0partnerem a zp\u011bv\u00e1kem kapely <\/span><strong><span class=\"s5\">Iconito<\/span><span class=\"s5\"> Kristianem <\/span><span class=\"s5\">Dufincem<\/span><\/strong><span class=\"s7\">, a p\u011bveck\u00e9 vystoupen\u00ed p. <\/span><strong><span class=\"s5\">Jozefa <\/span><span class=\"s5\">Maka<\/span><\/strong><span class=\"s7\"> z\u00a0FS Horehronsk\u00fd chlopy<\/span><span class=\"s7\"> s\u00a0p\u00edsn\u011bmi \u201eNa <\/span><span class=\"s7\">Kr\u00e1\u013eovej<\/span><span class=\"s7\"> holi\u201c a \u201eV\u00edne\u010dko b\u00edl\u00e9\u201c navodilo n\u00e1dhernou <\/span><span class=\"s7\">slavnostn\u00ed <\/span><span class=\"s7\">atmosf\u00e9ru<\/span><span class=\"s7\">.<\/span> <span class=\"s7\">Po c<\/span><span class=\"s7\">el\u00fd ve\u010der se \u010cESKOSLOVENSKOU diskot\u00e9kou staral o n\u00e1ladu VIP host\u016f DJ J\u00falius <\/span><span class=\"s7\">Hrabu\u0161ick\u00fd<\/span><span class=\"s7\">. <\/span><span class=\"s7\">Mezi vz\u00e1cn\u00fdmi hosty nechyb\u011bli ani <\/span><strong><span class=\"s5\">\u010deskoslovensk\u00e9 <\/span><span class=\"s5\">fotbalov\u00e9 legendy<\/span> <span class=\"s5\">Anton\u00edn Panenka a Karol <\/span><span class=\"s5\">Dobia\u0161<\/span><span class=\"s5\">, <\/span><span class=\"s5\">Mist\u0159i Evropy z B\u011blehradu 1976<\/span><span class=\"s5\">.<\/span><\/strong><a name=\"_GoBack\"><\/a><\/p>\n<p class=\"s6\"><span class=\"s7\">B\u011bhem programu byl p\u0159ed\u00e1n <\/span><span class=\"s7\">majitelem <\/span><strong><span class=\"s5\">EUROPEAN INSTITUTE<\/span><\/strong><span class=\"s7\"> a poslancem m\u011bsta Ko\u0161ice p.\u00a0<\/span><strong><span class=\"s5\">Vladislavem Stankem<\/span><\/strong><span class=\"s7\">, vedouc\u00ed \u010desk\u00e9 pobo\u010dky p\u00ed. <\/span><strong><span class=\"s5\">Hankou Sem Kalinovou<\/span><\/strong><span class=\"s7\"> a PR mana\u017eerkou\u00a0<\/span><span class=\"s7\">EUROPEAN INSTITUTE<\/span><span class=\"s7\"> sl<\/span><span class=\"s5\">. <\/span><span class=\"s5\">Ing. <\/span><span class=\"s5\">J\u00falii<\/span> <span class=\"s5\">Kokoru\u010fovou<\/span><span class=\"s5\">,<\/span><span class=\"s5\">\u00a0<\/span><strong><span class=\"s5\">MBA<\/span> <span class=\"s5\">poukaz na studium MBA <\/span><span class=\"s5\">v\u00a0hodnot\u011b 4800\u20ac <\/span><\/strong><span class=\"s5\"><strong>sl. Nat\u00e1lii Kop\u010danov\u00e9<\/strong>, <\/span><span class=\"s10\">(z\u00edskala toto studium gratis)<\/span><a name=\"_Hlk23414727\"><\/a><span class=\"s7\">, <\/span><span class=\"s7\">kter\u00e1 jej vyhr\u00e1la v<\/span><span class=\"s7\">e \u010dten\u00e1\u0159sk\u00e9<\/span> <span class=\"s7\">sout\u011b\u017ei, kterou zrealizoval <\/span><strong><span class=\"s5\">EUROPEAN INSTITUTE<\/span><\/strong><span class=\"s7\"> v<\/span><span class=\"s7\"> partnersk\u00fdch<\/span><span class=\"s7\">\u00a0m\u00e9di\u00edch v<\/span><span class=\"s7\"> r\u00e1mci<\/span><span class=\"s7\">\u00a0\u010cR a SR v\u00a0pr\u016fb\u011bhu roku 2019<\/span><span class=\"s7\">. <\/span><strong><span class=\"s5\">Voucher\u00a0PR kampan\u011b 2019 na\u00a0t\u0159\u00ed denn\u00ed <\/span><span class=\"s5\">romantick\u00fd <\/span><span class=\"s5\">pobyt<\/span><span class=\"s5\"> do Lond\u00fdna<\/span><span class=\"s5\">, UK<\/span><span class=\"s5\"> z\u00edskala <\/span><span class=\"s5\">absolventka <\/span><span class=\"s5\">institutu p\u00ed. <\/span><span class=\"s5\">Bc. <\/span><span class=\"s5\">Dagmar <\/span><span class=\"s5\">Pupalov\u00e1<\/span><span class=\"s5\">, LL.M.<\/span><span class=\"s10\">.<\/span><\/strong><\/p>\n<p class=\"s12\"><strong><span class=\"s5\">V\u00a0<\/span><span class=\"s5\">r\u00e1mci<\/span><span class=\"s5\"> oslav <\/span><span class=\"s5\">st\u00e1tn\u00edho sv\u00e1tku \u010cR k<\/span><span class=\"s5\"> vzniku samostatn\u00e9ho \u010ceskoslovenska <\/span><span class=\"s5\">ji\u017e dev\u00e1t\u00fdm rokem <\/span><span class=\"s5\">prob\u011bhla <\/span><span class=\"s5\">charitativn\u00ed <\/span><span class=\"s5\">sb\u00edrka pro projekt<\/span><span class=\"s5\">\u00a0\u010cT a NROS \u2013 <\/span><span class=\"s11\">Pomozte d\u011btem.<\/span><\/strong><\/p>\n<p class=\"s6\"><strong><span class=\"s5\">Dne 28.10.2019<\/span><span class=\"s5\"> se konal <\/span><span class=\"s5\">Pietn\u00ed akt u hrobu T. G. Masaryka v<\/span><span class=\"s5\">\u00a0<\/span><span class=\"s5\">L\u00e1nech<\/span><span class=\"s7\">, <\/span><span class=\"s5\">kter\u00fd doprov\u00e1zely<\/span><span class=\"s7\">o<\/span><span class=\"s5\">bl\u00edben\u00e9 p\u00edsn\u011b prezidenta T. G. Masaryka<\/span><span class=\"s5\"> a \u010destn\u00e1 str\u00e1\u017e v\u00a0dobov\u00fdch uniform\u00e1ch<\/span><span class=\"s5\">. Mimo jin\u00e9 ob\u010dany <\/span><span class=\"s5\">si <\/span><span class=\"s5\">uctili pam\u00e1tku polo\u017een\u00edm v\u011bnc\u016f na hrob za EUROPEAN INSTITUTE<\/span><span class=\"s5\"> a \u010cSR \u2013 \u010cESKOSLOVENSK\u00c9 RENOM\u00c9, <\/span><span class=\"s5\">z.s<\/span><span class=\"s5\">.<\/span> <span class=\"s5\">p.<\/span><span class=\"s5\"> Vladislav Stanko a <\/span><span class=\"s5\">Felix <\/span><span class=\"s5\">A. <\/span><span class=\"s5\">Slov\u00e1\u010dek, <\/span><span class=\"s5\">za <\/span><span class=\"s5\">Muzeum TGM \u0159editelka p\u00ed.<\/span> <a name=\"_Hlk23411817\"><\/a><span class=\"s5\">Ing. Petra Kop\u00e1\u010dkov\u00e1<\/span><span class=\"s5\">, z<\/span><span class=\"s5\">a <\/span><span class=\"s5\">Spolo\u010dnos\u0165<\/span> <span class=\"s5\">M. R. \u0160tef\u00e1nika pak <\/span><span class=\"s5\">z\u00e1stupkyn\u011b Ing. Lucia <\/span><span class=\"s5\">\u0160kvareninov\u00e1<\/span><span class=\"s5\"> a<\/span><span class=\"s5\"> dal\u0161\u00ed vz\u00e1cn\u00ed host\u00e9<\/span><span class=\"s5\">.<\/span><\/strong><\/p>\n<p class=\"s6\"><strong><span class=\"s5\">Po pietn\u00edm aktu ji\u017e bylo v<\/span> <span class=\"s5\">M<\/span><span class=\"s5\">uzeu T. G. Masaryka p\u0159ipraveno 13. \u0161achovnic pro VIP simult\u00e1nn\u00ed partii s\u00a0velmistrem a mistrem sv\u011bta <\/span><span class=\"s5\">Vlas<\/span><span class=\"s5\">timilem Jansou<\/span><span class=\"s5\">.\u00a0<\/span><span class=\"s5\">Porazit mistra<\/span> <span class=\"s5\">sv\u011bta <\/span><span class=\"s5\">se pokusili nap\u0159\u00edklad \u0159editelka Muzea TGM <\/span><span class=\"s5\">Ing. Petra Kop\u00e1\u010dkov\u00e1<\/span><span class=\"s5\">,<\/span><span class=\"s5\"> z\u00e1stupkyn\u011b<\/span> <span class=\"s5\">Spolo\u010dnos\u0165<\/span><span class=\"s5\"> M. R. \u0160tef\u00e1nika<\/span><span class=\"s5\">p\u00ed.<\/span><span class=\"s5\"> Ing. Lucia <\/span><span class=\"s5\">\u0160kvareninov\u00e1<\/span><span class=\"s5\">, <\/span><span class=\"s5\">majitel EUROPEAN INSTITUTE a poslan<\/span><span class=\"s5\">ec<\/span><span class=\"s5\"> m\u011bsta Ko\u0161ice p. Vladislav Stank<\/span><span class=\"s5\">o, \u010deskoslovensk\u00e1 legenda p<\/span><span class=\"s5\">.<\/span><span class=\"s5\"> Felix <\/span><span class=\"s5\">A. <\/span><span class=\"s5\">Slov\u00e1\u010dek<\/span><span class=\"s5\">, <\/span><span class=\"s5\">izraelsk\u00fd bezpe\u010dnostn\u00ed <\/span><span class=\"s5\">expert<\/span><span class=\"s5\">a lektor <\/span><span class=\"s5\">EUROPEAN INSTITUTE <\/span><span class=\"s5\">p. <\/span><span class=\"s5\">David <\/span><span class=\"s5\">Bohbot<\/span><span class=\"s5\">, MBA<\/span><span class=\"s5\">, <\/span><span class=\"s5\">slovensk\u00fd bezpe\u010dnost\u00ed expert a \u010dlen gr\u00e9mia EUROPEAN INSTITUT<\/span><span class=\"s5\">E<\/span><span class=\"s5\"> Dr. Ing. Juraj Z\u00e1bojn\u00edk, PhD, <\/span><span class=\"s5\">spisovatel<\/span><span class=\"s5\"> a cestovatel<\/span><span class=\"s5\"> Dr. Juan Braun<\/span><span class=\"s5\">, <\/span><span class=\"s5\">Kpt. Ing. Beno <\/span><span class=\"s5\">Ge<\/span><span class=\"s5\">, MPA, p\u0159edseda komise pro bezpe\u010dnost a prevenci kriminality Praha 1 a protokol\u00e1rn\u00ed d\u016fstojn\u00edk Ministerstva obrany \u010cR, Dr. Mihajlo <\/span><span class=\"s5\">Todorovi\u010d<\/span><span class=\"s5\">, advok\u00e1t ze Srbska,<\/span> <span class=\"s5\">p. <\/span><span class=\"s5\">Ing. Ji\u0159\u00ed <\/span><span class=\"s5\">Borcel<\/span><span class=\"s5\"> z\u00a0Ministerstva zahrani\u010dn\u00edch v\u011bci \u010cR, ale i <\/span><span class=\"s5\">\u010desk\u00fd \u0161achov\u00fd <\/span><span class=\"s5\">reprezenta<\/span><span class=\"s5\">nt v\u00a0kategorii \u017e\u00e1k\u016f <\/span><span class=\"s5\">Viktor P\u0159ibyl<\/span><span class=\"s5\">.<\/span><\/strong><\/p>\n<p class=\"s6\"><span class=\"s10\">Utk\u00e1n\u00ed skon\u010dilo podle o\u010dek\u00e1v\u00e1n\u00ed v\u00fdhrou <\/span><span class=\"s10\">mistra sv\u011bta <\/span><span class=\"s10\">12<\/span><span class=\"s10\">,5<\/span><span class=\"s10\">:<\/span><span class=\"s10\">0,5<\/span><span class=\"s10\">. <\/span><span class=\"s10\">Jednu<\/span><span class=\"s10\"> rem\u00edz<\/span><span class=\"s10\">u<\/span><span class=\"s10\"> se poda\u0159ilo uhr\u00e1t Vladislavu Stankovi.<\/span><\/p>\n<p class=\"s6\"><strong><span class=\"s5\">V\u0161em<\/span><span class=\"s5\"> partner\u016fm<\/span><span class=\"s5\">, kte\u0159\u00ed <\/span><span class=\"s5\">oslavu podpo\u0159ili <\/span><span class=\"s5\">srde\u010dn\u011b d\u011bkujeme, a ji\u017e se t\u011b\u0161\u00edme na oslavu 10<\/span><span class=\"s5\">2<\/span><span class=\"s5\">. v\u00fdro\u010d\u00ed vzniku \u010cSR<\/span><span class=\"s5\"> 28.10.2020<\/span><span class=\"s5\">.<\/span><\/strong><\/p>\n<p><a href=\"https:\/\/www.european-institute.cz\/wp-content\/uploads\/2019\/11\/www.european-institute.cz-101.-CSR-9-Konference-Berchtold.jpg\"><img loading=\"lazy\" decoding=\"async\" class=\"aligncenter size-large wp-image-2989\" src=\"https:\/\/www.european-institute.cz\/wp-content\/uploads\/2019\/11\/www.european-institute.cz-101.-CSR-9-Konference-Berchtold-1024x683.jpg\" alt=\"\" width=\"940\" height=\"627\" srcset=\"https:\/\/www.european-institute.cz\/wp-content\/uploads\/2019\/11\/www.european-institute.cz-101.-CSR-9-Konference-Berchtold-1024x683.jpg 1024w, https:\/\/www.european-institute.cz\/wp-content\/uploads\/2019\/11\/www.european-institute.cz-101.-CSR-9-Konference-Berchtold-300x200.jpg 300w, https:\/\/www.european-institute.cz\/wp-content\/uploads\/2019\/11\/www.european-institute.cz-101.-CSR-9-Konference-Berchtold-768x512.jpg 768w, https:\/\/www.european-institute.cz\/wp-content\/uploads\/2019\/11\/www.european-institute.cz-101.-CSR-9-Konference-Berchtold-800x533.jpg 800w, https:\/\/www.european-institute.cz\/wp-content\/uploads\/2019\/11\/www.european-institute.cz-101.-CSR-9-Konference-Berchtold.jpg 1350w\" sizes=\"auto, (max-width: 940px) 100vw, 940px\" \/><\/a> <a href=\"https:\/\/www.european-institute.cz\/wp-content\/uploads\/2019\/11\/www.european-institute.cz-101.-CSR-8-Konference-Berchtold.jpg\"><img loading=\"lazy\" decoding=\"async\" class=\"aligncenter size-large wp-image-2988\" src=\"https:\/\/www.european-institute.cz\/wp-content\/uploads\/2019\/11\/www.european-institute.cz-101.-CSR-8-Konference-Berchtold-1024x683.jpg\" alt=\"\" width=\"940\" height=\"627\" srcset=\"https:\/\/www.european-institute.cz\/wp-content\/uploads\/2019\/11\/www.european-institute.cz-101.-CSR-8-Konference-Berchtold-1024x683.jpg 1024w, https:\/\/www.european-institute.cz\/wp-content\/uploads\/2019\/11\/www.european-institute.cz-101.-CSR-8-Konference-Berchtold-300x200.jpg 300w, https:\/\/www.european-institute.cz\/wp-content\/uploads\/2019\/11\/www.european-institute.cz-101.-CSR-8-Konference-Berchtold-768x512.jpg 768w, https:\/\/www.european-institute.cz\/wp-content\/uploads\/2019\/11\/www.european-institute.cz-101.-CSR-8-Konference-Berchtold-800x533.jpg 800w, https:\/\/www.european-institute.cz\/wp-content\/uploads\/2019\/11\/www.european-institute.cz-101.-CSR-8-Konference-Berchtold.jpg 1350w\" sizes=\"auto, (max-width: 940px) 100vw, 940px\" \/><\/a> <a href=\"https:\/\/www.european-institute.cz\/wp-content\/uploads\/2019\/11\/www.european-institute.cz-101.-CSR-7-Konference-Berchtold.jpg\"><img loading=\"lazy\" decoding=\"async\" class=\"aligncenter size-large wp-image-2987\" src=\"https:\/\/www.european-institute.cz\/wp-content\/uploads\/2019\/11\/www.european-institute.cz-101.-CSR-7-Konference-Berchtold-1024x683.jpg\" alt=\"\" width=\"940\" height=\"627\" srcset=\"https:\/\/www.european-institute.cz\/wp-content\/uploads\/2019\/11\/www.european-institute.cz-101.-CSR-7-Konference-Berchtold-1024x683.jpg 1024w, https:\/\/www.european-institute.cz\/wp-content\/uploads\/2019\/11\/www.european-institute.cz-101.-CSR-7-Konference-Berchtold-300x200.jpg 300w, https:\/\/www.european-institute.cz\/wp-content\/uploads\/2019\/11\/www.european-institute.cz-101.-CSR-7-Konference-Berchtold-768x512.jpg 768w, https:\/\/www.european-institute.cz\/wp-content\/uploads\/2019\/11\/www.european-institute.cz-101.-CSR-7-Konference-Berchtold-800x533.jpg 800w, https:\/\/www.european-institute.cz\/wp-content\/uploads\/2019\/11\/www.european-institute.cz-101.-CSR-7-Konference-Berchtold.jpg 1350w\" sizes=\"auto, (max-width: 940px) 100vw, 940px\" \/><\/a> <a href=\"https:\/\/www.european-institute.cz\/wp-content\/uploads\/2019\/11\/www.european-institute.cz-101.-CSR-6-Konference-Berchtold.jpg\"><img loading=\"lazy\" decoding=\"async\" class=\"aligncenter size-large wp-image-2986\" src=\"https:\/\/www.european-institute.cz\/wp-content\/uploads\/2019\/11\/www.european-institute.cz-101.-CSR-6-Konference-Berchtold-1024x683.jpg\" alt=\"\" width=\"940\" height=\"627\" srcset=\"https:\/\/www.european-institute.cz\/wp-content\/uploads\/2019\/11\/www.european-institute.cz-101.-CSR-6-Konference-Berchtold-1024x683.jpg 1024w, https:\/\/www.european-institute.cz\/wp-content\/uploads\/2019\/11\/www.european-institute.cz-101.-CSR-6-Konference-Berchtold-300x200.jpg 300w, https:\/\/www.european-institute.cz\/wp-content\/uploads\/2019\/11\/www.european-institute.cz-101.-CSR-6-Konference-Berchtold-768x512.jpg 768w, https:\/\/www.european-institute.cz\/wp-content\/uploads\/2019\/11\/www.european-institute.cz-101.-CSR-6-Konference-Berchtold-800x533.jpg 800w, https:\/\/www.european-institute.cz\/wp-content\/uploads\/2019\/11\/www.european-institute.cz-101.-CSR-6-Konference-Berchtold.jpg 1350w\" sizes=\"auto, (max-width: 940px) 100vw, 940px\" \/><\/a><\/p>\n<p><a href=\"https:\/\/www.european-institute.cz\/wp-content\/uploads\/2019\/11\/www.european-institute.cz-101.-CSR-10-Promoce-Berchtold.jpg\"><img loading=\"lazy\" decoding=\"async\" class=\"aligncenter size-large wp-image-2990\" src=\"https:\/\/www.european-institute.cz\/wp-content\/uploads\/2019\/11\/www.european-institute.cz-101.-CSR-10-Promoce-Berchtold-1024x683.jpg\" alt=\"\" width=\"940\" height=\"627\" srcset=\"https:\/\/www.european-institute.cz\/wp-content\/uploads\/2019\/11\/www.european-institute.cz-101.-CSR-10-Promoce-Berchtold-1024x683.jpg 1024w, https:\/\/www.european-institute.cz\/wp-content\/uploads\/2019\/11\/www.european-institute.cz-101.-CSR-10-Promoce-Berchtold-300x200.jpg 300w, https:\/\/www.european-institute.cz\/wp-content\/uploads\/2019\/11\/www.european-institute.cz-101.-CSR-10-Promoce-Berchtold-768x512.jpg 768w, https:\/\/www.european-institute.cz\/wp-content\/uploads\/2019\/11\/www.european-institute.cz-101.-CSR-10-Promoce-Berchtold-800x533.jpg 800w, https:\/\/www.european-institute.cz\/wp-content\/uploads\/2019\/11\/www.european-institute.cz-101.-CSR-10-Promoce-Berchtold.jpg 1350w\" sizes=\"auto, (max-width: 940px) 100vw, 940px\" \/><\/a> <a href=\"https:\/\/www.european-institute.cz\/wp-content\/uploads\/2019\/11\/www.european-institute.cz-101.-CSR-11-Promoce-Berchtold-1.jpg\"><img loading=\"lazy\" decoding=\"async\" class=\"aligncenter size-large wp-image-2991\" src=\"https:\/\/www.european-institute.cz\/wp-content\/uploads\/2019\/11\/www.european-institute.cz-101.-CSR-11-Promoce-Berchtold-1-1024x731.jpg\" alt=\"\" width=\"940\" height=\"671\" srcset=\"https:\/\/www.european-institute.cz\/wp-content\/uploads\/2019\/11\/www.european-institute.cz-101.-CSR-11-Promoce-Berchtold-1-1024x731.jpg 1024w, https:\/\/www.european-institute.cz\/wp-content\/uploads\/2019\/11\/www.european-institute.cz-101.-CSR-11-Promoce-Berchtold-1-300x214.jpg 300w, https:\/\/www.european-institute.cz\/wp-content\/uploads\/2019\/11\/www.european-institute.cz-101.-CSR-11-Promoce-Berchtold-1-768x548.jpg 768w, https:\/\/www.european-institute.cz\/wp-content\/uploads\/2019\/11\/www.european-institute.cz-101.-CSR-11-Promoce-Berchtold-1-800x571.jpg 800w, https:\/\/www.european-institute.cz\/wp-content\/uploads\/2019\/11\/www.european-institute.cz-101.-CSR-11-Promoce-Berchtold-1.jpg 1261w\" sizes=\"auto, (max-width: 940px) 100vw, 940px\" \/><\/a> <a href=\"https:\/\/www.european-institute.cz\/wp-content\/uploads\/2019\/11\/www.european-institute.cz-101.-CSR-12-Promoce-Berchtold.jpg\"><img loading=\"lazy\" decoding=\"async\" class=\"aligncenter size-large wp-image-2992\" src=\"https:\/\/www.european-institute.cz\/wp-content\/uploads\/2019\/11\/www.european-institute.cz-101.-CSR-12-Promoce-Berchtold-1024x768.jpg\" alt=\"\" width=\"940\" height=\"705\" srcset=\"https:\/\/www.european-institute.cz\/wp-content\/uploads\/2019\/11\/www.european-institute.cz-101.-CSR-12-Promoce-Berchtold-1024x768.jpg 1024w, https:\/\/www.european-institute.cz\/wp-content\/uploads\/2019\/11\/www.european-institute.cz-101.-CSR-12-Promoce-Berchtold-300x225.jpg 300w, https:\/\/www.european-institute.cz\/wp-content\/uploads\/2019\/11\/www.european-institute.cz-101.-CSR-12-Promoce-Berchtold-768x576.jpg 768w, https:\/\/www.european-institute.cz\/wp-content\/uploads\/2019\/11\/www.european-institute.cz-101.-CSR-12-Promoce-Berchtold-800x600.jpg 800w, https:\/\/www.european-institute.cz\/wp-content\/uploads\/2019\/11\/www.european-institute.cz-101.-CSR-12-Promoce-Berchtold.jpg 1200w\" sizes=\"auto, (max-width: 940px) 100vw, 940px\" \/><\/a> <a href=\"https:\/\/www.european-institute.cz\/wp-content\/uploads\/2019\/11\/www.european-institute.cz-101.-CSR-13-Oslava-Berchtold.jpg\"><img loading=\"lazy\" decoding=\"async\" class=\"aligncenter size-large wp-image-2993\" src=\"https:\/\/www.european-institute.cz\/wp-content\/uploads\/2019\/11\/www.european-institute.cz-101.-CSR-13-Oslava-Berchtold-1024x683.jpg\" alt=\"\" width=\"940\" height=\"627\" srcset=\"https:\/\/www.european-institute.cz\/wp-content\/uploads\/2019\/11\/www.european-institute.cz-101.-CSR-13-Oslava-Berchtold-1024x683.jpg 1024w, https:\/\/www.european-institute.cz\/wp-content\/uploads\/2019\/11\/www.european-institute.cz-101.-CSR-13-Oslava-Berchtold-300x200.jpg 300w, https:\/\/www.european-institute.cz\/wp-content\/uploads\/2019\/11\/www.european-institute.cz-101.-CSR-13-Oslava-Berchtold-768x512.jpg 768w, https:\/\/www.european-institute.cz\/wp-content\/uploads\/2019\/11\/www.european-institute.cz-101.-CSR-13-Oslava-Berchtold-800x533.jpg 800w, https:\/\/www.european-institute.cz\/wp-content\/uploads\/2019\/11\/www.european-institute.cz-101.-CSR-13-Oslava-Berchtold.jpg 1350w\" sizes=\"auto, (max-width: 940px) 100vw, 940px\" \/><\/a> <a href=\"https:\/\/www.european-institute.cz\/wp-content\/uploads\/2019\/11\/www.european-institute.cz-101.-CSR-14-Oslava-Berchtold.jpg\"><img loading=\"lazy\" decoding=\"async\" class=\"aligncenter size-large wp-image-2994\" src=\"https:\/\/www.european-institute.cz\/wp-content\/uploads\/2019\/11\/www.european-institute.cz-101.-CSR-14-Oslava-Berchtold-1024x768.jpg\" alt=\"\" width=\"940\" height=\"705\" srcset=\"https:\/\/www.european-institute.cz\/wp-content\/uploads\/2019\/11\/www.european-institute.cz-101.-CSR-14-Oslava-Berchtold-1024x768.jpg 1024w, https:\/\/www.european-institute.cz\/wp-content\/uploads\/2019\/11\/www.european-institute.cz-101.-CSR-14-Oslava-Berchtold-300x225.jpg 300w, https:\/\/www.european-institute.cz\/wp-content\/uploads\/2019\/11\/www.european-institute.cz-101.-CSR-14-Oslava-Berchtold-768x576.jpg 768w, https:\/\/www.european-institute.cz\/wp-content\/uploads\/2019\/11\/www.european-institute.cz-101.-CSR-14-Oslava-Berchtold-800x600.jpg 800w, https:\/\/www.european-institute.cz\/wp-content\/uploads\/2019\/11\/www.european-institute.cz-101.-CSR-14-Oslava-Berchtold.jpg 1200w\" sizes=\"auto, (max-width: 940px) 100vw, 940px\" \/><\/a> <a href=\"https:\/\/www.european-institute.cz\/wp-content\/uploads\/2019\/11\/www.european-institute.cz-101.-CSR-15-Oslava-Berchtold.jpg\"><img loading=\"lazy\" decoding=\"async\" class=\"aligncenter size-large wp-image-2995\" src=\"https:\/\/www.european-institute.cz\/wp-content\/uploads\/2019\/11\/www.european-institute.cz-101.-CSR-15-Oslava-Berchtold-1024x683.jpg\" alt=\"\" width=\"940\" height=\"627\" srcset=\"https:\/\/www.european-institute.cz\/wp-content\/uploads\/2019\/11\/www.european-institute.cz-101.-CSR-15-Oslava-Berchtold-1024x683.jpg 1024w, https:\/\/www.european-institute.cz\/wp-content\/uploads\/2019\/11\/www.european-institute.cz-101.-CSR-15-Oslava-Berchtold-300x200.jpg 300w, https:\/\/www.european-institute.cz\/wp-content\/uploads\/2019\/11\/www.european-institute.cz-101.-CSR-15-Oslava-Berchtold-768x512.jpg 768w, https:\/\/www.european-institute.cz\/wp-content\/uploads\/2019\/11\/www.european-institute.cz-101.-CSR-15-Oslava-Berchtold-800x533.jpg 800w, https:\/\/www.european-institute.cz\/wp-content\/uploads\/2019\/11\/www.european-institute.cz-101.-CSR-15-Oslava-Berchtold.jpg 1350w\" sizes=\"auto, (max-width: 940px) 100vw, 940px\" \/><\/a> <a href=\"https:\/\/www.european-institute.cz\/wp-content\/uploads\/2019\/11\/www.european-institute.cz-101.-CSR-21-Oslava-Berchtold.jpg\"><img loading=\"lazy\" decoding=\"async\" class=\"aligncenter size-large wp-image-3001\" src=\"https:\/\/www.european-institute.cz\/wp-content\/uploads\/2019\/11\/www.european-institute.cz-101.-CSR-21-Oslava-Berchtold-1024x768.jpg\" alt=\"\" width=\"940\" height=\"705\" srcset=\"https:\/\/www.european-institute.cz\/wp-content\/uploads\/2019\/11\/www.european-institute.cz-101.-CSR-21-Oslava-Berchtold-1024x768.jpg 1024w, https:\/\/www.european-institute.cz\/wp-content\/uploads\/2019\/11\/www.european-institute.cz-101.-CSR-21-Oslava-Berchtold-300x225.jpg 300w, https:\/\/www.european-institute.cz\/wp-content\/uploads\/2019\/11\/www.european-institute.cz-101.-CSR-21-Oslava-Berchtold-768x576.jpg 768w, https:\/\/www.european-institute.cz\/wp-content\/uploads\/2019\/11\/www.european-institute.cz-101.-CSR-21-Oslava-Berchtold-800x600.jpg 800w, https:\/\/www.european-institute.cz\/wp-content\/uploads\/2019\/11\/www.european-institute.cz-101.-CSR-21-Oslava-Berchtold.jpg 1200w\" sizes=\"auto, (max-width: 940px) 100vw, 940px\" \/><\/a> <a href=\"https:\/\/www.european-institute.cz\/wp-content\/uploads\/2019\/11\/www.european-institute.cz-101.-CSR-20-Oslava-Berchtold.jpg\"><img loading=\"lazy\" decoding=\"async\" class=\"aligncenter size-large wp-image-3000\" src=\"https:\/\/www.european-institute.cz\/wp-content\/uploads\/2019\/11\/www.european-institute.cz-101.-CSR-20-Oslava-Berchtold-1024x683.jpg\" alt=\"\" width=\"940\" height=\"627\" srcset=\"https:\/\/www.european-institute.cz\/wp-content\/uploads\/2019\/11\/www.european-institute.cz-101.-CSR-20-Oslava-Berchtold-1024x683.jpg 1024w, https:\/\/www.european-institute.cz\/wp-content\/uploads\/2019\/11\/www.european-institute.cz-101.-CSR-20-Oslava-Berchtold-300x200.jpg 300w, https:\/\/www.european-institute.cz\/wp-content\/uploads\/2019\/11\/www.european-institute.cz-101.-CSR-20-Oslava-Berchtold-768x512.jpg 768w, https:\/\/www.european-institute.cz\/wp-content\/uploads\/2019\/11\/www.european-institute.cz-101.-CSR-20-Oslava-Berchtold-800x533.jpg 800w, https:\/\/www.european-institute.cz\/wp-content\/uploads\/2019\/11\/www.european-institute.cz-101.-CSR-20-Oslava-Berchtold.jpg 1350w\" sizes=\"auto, (max-width: 940px) 100vw, 940px\" \/><\/a> <a href=\"https:\/\/www.european-institute.cz\/wp-content\/uploads\/2019\/11\/www.european-institute.cz-101.-CSR-19-Oslava-Berchtold.jpg\"><img loading=\"lazy\" decoding=\"async\" class=\"aligncenter size-large wp-image-2999\" src=\"https:\/\/www.european-institute.cz\/wp-content\/uploads\/2019\/11\/www.european-institute.cz-101.-CSR-19-Oslava-Berchtold-1024x738.jpg\" alt=\"\" width=\"940\" height=\"677\" srcset=\"https:\/\/www.european-institute.cz\/wp-content\/uploads\/2019\/11\/www.european-institute.cz-101.-CSR-19-Oslava-Berchtold-1024x738.jpg 1024w, https:\/\/www.european-institute.cz\/wp-content\/uploads\/2019\/11\/www.european-institute.cz-101.-CSR-19-Oslava-Berchtold-300x216.jpg 300w, https:\/\/www.european-institute.cz\/wp-content\/uploads\/2019\/11\/www.european-institute.cz-101.-CSR-19-Oslava-Berchtold-768x554.jpg 768w, https:\/\/www.european-institute.cz\/wp-content\/uploads\/2019\/11\/www.european-institute.cz-101.-CSR-19-Oslava-Berchtold-800x577.jpg 800w, https:\/\/www.european-institute.cz\/wp-content\/uploads\/2019\/11\/www.european-institute.cz-101.-CSR-19-Oslava-Berchtold.jpg 1248w\" sizes=\"auto, (max-width: 940px) 100vw, 940px\" \/><\/a> <a href=\"https:\/\/www.european-institute.cz\/wp-content\/uploads\/2019\/11\/www.european-institute.cz-101.-CSR-18-Oslava-Berchtold.jpg\"><img loading=\"lazy\" decoding=\"async\" class=\"aligncenter size-large wp-image-2998\" src=\"https:\/\/www.european-institute.cz\/wp-content\/uploads\/2019\/11\/www.european-institute.cz-101.-CSR-18-Oslava-Berchtold-1024x683.jpg\" alt=\"\" width=\"940\" height=\"627\" srcset=\"https:\/\/www.european-institute.cz\/wp-content\/uploads\/2019\/11\/www.european-institute.cz-101.-CSR-18-Oslava-Berchtold-1024x683.jpg 1024w, https:\/\/www.european-institute.cz\/wp-content\/uploads\/2019\/11\/www.european-institute.cz-101.-CSR-18-Oslava-Berchtold-300x200.jpg 300w, https:\/\/www.european-institute.cz\/wp-content\/uploads\/2019\/11\/www.european-institute.cz-101.-CSR-18-Oslava-Berchtold-768x512.jpg 768w, https:\/\/www.european-institute.cz\/wp-content\/uploads\/2019\/11\/www.european-institute.cz-101.-CSR-18-Oslava-Berchtold-800x533.jpg 800w, https:\/\/www.european-institute.cz\/wp-content\/uploads\/2019\/11\/www.european-institute.cz-101.-CSR-18-Oslava-Berchtold.jpg 1350w\" sizes=\"auto, (max-width: 940px) 100vw, 940px\" \/><\/a> <a href=\"https:\/\/www.european-institute.cz\/wp-content\/uploads\/2019\/11\/www.european-institute.cz-101.-CSR-17-Oslava-Berchtold.jpg\"><img loading=\"lazy\" decoding=\"async\" class=\"aligncenter size-large wp-image-2997\" src=\"https:\/\/www.european-institute.cz\/wp-content\/uploads\/2019\/11\/www.european-institute.cz-101.-CSR-17-Oslava-Berchtold-1024x683.jpg\" alt=\"\" width=\"940\" height=\"627\" srcset=\"https:\/\/www.european-institute.cz\/wp-content\/uploads\/2019\/11\/www.european-institute.cz-101.-CSR-17-Oslava-Berchtold-1024x683.jpg 1024w, https:\/\/www.european-institute.cz\/wp-content\/uploads\/2019\/11\/www.european-institute.cz-101.-CSR-17-Oslava-Berchtold-300x200.jpg 300w, https:\/\/www.european-institute.cz\/wp-content\/uploads\/2019\/11\/www.european-institute.cz-101.-CSR-17-Oslava-Berchtold-768x512.jpg 768w, https:\/\/www.european-institute.cz\/wp-content\/uploads\/2019\/11\/www.european-institute.cz-101.-CSR-17-Oslava-Berchtold-800x533.jpg 800w, https:\/\/www.european-institute.cz\/wp-content\/uploads\/2019\/11\/www.european-institute.cz-101.-CSR-17-Oslava-Berchtold.jpg 1350w\" sizes=\"auto, (max-width: 940px) 100vw, 940px\" \/><\/a> <a href=\"https:\/\/www.european-institute.cz\/wp-content\/uploads\/2019\/11\/www.european-institute.cz-101.-CSR-16-Oslava-Berchtold.jpg\"><img loading=\"lazy\" decoding=\"async\" class=\"aligncenter size-large wp-image-2996\" src=\"https:\/\/www.european-institute.cz\/wp-content\/uploads\/2019\/11\/www.european-institute.cz-101.-CSR-16-Oslava-Berchtold-1024x683.jpg\" alt=\"\" width=\"940\" height=\"627\" srcset=\"https:\/\/www.european-institute.cz\/wp-content\/uploads\/2019\/11\/www.european-institute.cz-101.-CSR-16-Oslava-Berchtold-1024x683.jpg 1024w, https:\/\/www.european-institute.cz\/wp-content\/uploads\/2019\/11\/www.european-institute.cz-101.-CSR-16-Oslava-Berchtold-300x200.jpg 300w, https:\/\/www.european-institute.cz\/wp-content\/uploads\/2019\/11\/www.european-institute.cz-101.-CSR-16-Oslava-Berchtold-768x512.jpg 768w, https:\/\/www.european-institute.cz\/wp-content\/uploads\/2019\/11\/www.european-institute.cz-101.-CSR-16-Oslava-Berchtold-800x533.jpg 800w, https:\/\/www.european-institute.cz\/wp-content\/uploads\/2019\/11\/www.european-institute.cz-101.-CSR-16-Oslava-Berchtold.jpg 1350w\" sizes=\"auto, (max-width: 940px) 100vw, 940px\" \/><\/a> <a href=\"https:\/\/www.european-institute.cz\/wp-content\/uploads\/2019\/11\/www.european-institute.cz-101.-CSR-22-Oslava-Berchtold.jpg\"><img loading=\"lazy\" decoding=\"async\" class=\"aligncenter size-large wp-image-3002\" src=\"https:\/\/www.european-institute.cz\/wp-content\/uploads\/2019\/11\/www.european-institute.cz-101.-CSR-22-Oslava-Berchtold-1024x683.jpg\" alt=\"\" width=\"940\" height=\"627\" srcset=\"https:\/\/www.european-institute.cz\/wp-content\/uploads\/2019\/11\/www.european-institute.cz-101.-CSR-22-Oslava-Berchtold-1024x683.jpg 1024w, https:\/\/www.european-institute.cz\/wp-content\/uploads\/2019\/11\/www.european-institute.cz-101.-CSR-22-Oslava-Berchtold-300x200.jpg 300w, https:\/\/www.european-institute.cz\/wp-content\/uploads\/2019\/11\/www.european-institute.cz-101.-CSR-22-Oslava-Berchtold-768x512.jpg 768w, https:\/\/www.european-institute.cz\/wp-content\/uploads\/2019\/11\/www.european-institute.cz-101.-CSR-22-Oslava-Berchtold-800x533.jpg 800w, https:\/\/www.european-institute.cz\/wp-content\/uploads\/2019\/11\/www.european-institute.cz-101.-CSR-22-Oslava-Berchtold.jpg 1350w\" sizes=\"auto, (max-width: 940px) 100vw, 940px\" \/><\/a><\/p>\n<p><a href=\"https:\/\/www.european-institute.cz\/wp-content\/uploads\/2019\/11\/www.european-institute.cz-101.-CSR-3-Sach-TGM-2.jpg\"><br \/>\n<\/a> <a href=\"https:\/\/www.european-institute.cz\/wp-content\/uploads\/2019\/11\/www.european-institute.cz-101.-CSR-2-Pieta-TGM.jpg\"><img loading=\"lazy\" decoding=\"async\" class=\"aligncenter size-large wp-image-2982\" src=\"https:\/\/www.european-institute.cz\/wp-content\/uploads\/2019\/11\/www.european-institute.cz-101.-CSR-2-Pieta-TGM-1024x683.jpg\" alt=\"\" width=\"940\" height=\"627\" srcset=\"https:\/\/www.european-institute.cz\/wp-content\/uploads\/2019\/11\/www.european-institute.cz-101.-CSR-2-Pieta-TGM-1024x683.jpg 1024w, https:\/\/www.european-institute.cz\/wp-content\/uploads\/2019\/11\/www.european-institute.cz-101.-CSR-2-Pieta-TGM-300x200.jpg 300w, https:\/\/www.european-institute.cz\/wp-content\/uploads\/2019\/11\/www.european-institute.cz-101.-CSR-2-Pieta-TGM-768x512.jpg 768w, https:\/\/www.european-institute.cz\/wp-content\/uploads\/2019\/11\/www.european-institute.cz-101.-CSR-2-Pieta-TGM-800x533.jpg 800w, https:\/\/www.european-institute.cz\/wp-content\/uploads\/2019\/11\/www.european-institute.cz-101.-CSR-2-Pieta-TGM.jpg 1350w\" sizes=\"auto, (max-width: 940px) 100vw, 940px\" \/><\/a> <a href=\"https:\/\/www.european-institute.cz\/wp-content\/uploads\/2019\/11\/www.european-institute.cz-101.-CSR-1-Pieta-TGM.jpg\"><img loading=\"lazy\" decoding=\"async\" class=\"aligncenter size-large wp-image-2981\" src=\"https:\/\/www.european-institute.cz\/wp-content\/uploads\/2019\/11\/www.european-institute.cz-101.-CSR-1-Pieta-TGM-1024x683.jpg\" alt=\"\" width=\"940\" height=\"627\" srcset=\"https:\/\/www.european-institute.cz\/wp-content\/uploads\/2019\/11\/www.european-institute.cz-101.-CSR-1-Pieta-TGM-1024x683.jpg 1024w, https:\/\/www.european-institute.cz\/wp-content\/uploads\/2019\/11\/www.european-institute.cz-101.-CSR-1-Pieta-TGM-300x200.jpg 300w, https:\/\/www.european-institute.cz\/wp-content\/uploads\/2019\/11\/www.european-institute.cz-101.-CSR-1-Pieta-TGM-768x512.jpg 768w, https:\/\/www.european-institute.cz\/wp-content\/uploads\/2019\/11\/www.european-institute.cz-101.-CSR-1-Pieta-TGM-800x533.jpg 800w, https:\/\/www.european-institute.cz\/wp-content\/uploads\/2019\/11\/www.european-institute.cz-101.-CSR-1-Pieta-TGM.jpg 1350w\" sizes=\"auto, (max-width: 940px) 100vw, 940px\" \/><\/a><\/p>\n<p><a href=\"https:\/\/www.european-institute.cz\/wp-content\/uploads\/2019\/11\/www.european-institute.cz-101.-CSR-5-Sach-TGM.jpg\"><img loading=\"lazy\" decoding=\"async\" class=\"aligncenter size-large wp-image-2985\" src=\"https:\/\/www.european-institute.cz\/wp-content\/uploads\/2019\/11\/www.european-institute.cz-101.-CSR-5-Sach-TGM-1024x683.jpg\" alt=\"\" width=\"940\" height=\"627\" srcset=\"https:\/\/www.european-institute.cz\/wp-content\/uploads\/2019\/11\/www.european-institute.cz-101.-CSR-5-Sach-TGM-1024x683.jpg 1024w, https:\/\/www.european-institute.cz\/wp-content\/uploads\/2019\/11\/www.european-institute.cz-101.-CSR-5-Sach-TGM-300x200.jpg 300w, https:\/\/www.european-institute.cz\/wp-content\/uploads\/2019\/11\/www.european-institute.cz-101.-CSR-5-Sach-TGM-768x512.jpg 768w, https:\/\/www.european-institute.cz\/wp-content\/uploads\/2019\/11\/www.european-institute.cz-101.-CSR-5-Sach-TGM-800x533.jpg 800w, https:\/\/www.european-institute.cz\/wp-content\/uploads\/2019\/11\/www.european-institute.cz-101.-CSR-5-Sach-TGM.jpg 1350w\" sizes=\"auto, (max-width: 940px) 100vw, 940px\" \/><\/a> <a href=\"https:\/\/www.european-institute.cz\/wp-content\/uploads\/2019\/11\/www.european-institute.cz-101.-CSR-4-Sach-TGM.jpg\"><img loading=\"lazy\" decoding=\"async\" class=\"aligncenter size-large wp-image-2984\" src=\"https:\/\/www.european-institute.cz\/wp-content\/uploads\/2019\/11\/www.european-institute.cz-101.-CSR-4-Sach-TGM-1024x683.jpg\" alt=\"\" width=\"940\" height=\"627\" srcset=\"https:\/\/www.european-institute.cz\/wp-content\/uploads\/2019\/11\/www.european-institute.cz-101.-CSR-4-Sach-TGM-1024x683.jpg 1024w, https:\/\/www.european-institute.cz\/wp-content\/uploads\/2019\/11\/www.european-institute.cz-101.-CSR-4-Sach-TGM-300x200.jpg 300w, https:\/\/www.european-institute.cz\/wp-content\/uploads\/2019\/11\/www.european-institute.cz-101.-CSR-4-Sach-TGM-768x512.jpg 768w, https:\/\/www.european-institute.cz\/wp-content\/uploads\/2019\/11\/www.european-institute.cz-101.-CSR-4-Sach-TGM-800x533.jpg 800w, https:\/\/www.european-institute.cz\/wp-content\/uploads\/2019\/11\/www.european-institute.cz-101.-CSR-4-Sach-TGM.jpg 1350w\" sizes=\"auto, (max-width: 940px) 100vw, 940px\" \/><\/a> <a href=\"https:\/\/www.european-institute.cz\/wp-content\/uploads\/2019\/11\/www.european-institute.cz-101.-CSR-3-Sach-TGM-2.jpg\"><img loading=\"lazy\" decoding=\"async\" class=\"aligncenter size-large wp-image-2983\" src=\"https:\/\/www.european-institute.cz\/wp-content\/uploads\/2019\/11\/www.european-institute.cz-101.-CSR-3-Sach-TGM-2-1024x683.jpg\" alt=\"\" width=\"940\" height=\"627\" srcset=\"https:\/\/www.european-institute.cz\/wp-content\/uploads\/2019\/11\/www.european-institute.cz-101.-CSR-3-Sach-TGM-2-1024x683.jpg 1024w, https:\/\/www.european-institute.cz\/wp-content\/uploads\/2019\/11\/www.european-institute.cz-101.-CSR-3-Sach-TGM-2-300x200.jpg 300w, https:\/\/www.european-institute.cz\/wp-content\/uploads\/2019\/11\/www.european-institute.cz-101.-CSR-3-Sach-TGM-2-768x512.jpg 768w, https:\/\/www.european-institute.cz\/wp-content\/uploads\/2019\/11\/www.european-institute.cz-101.-CSR-3-Sach-TGM-2-800x533.jpg 800w, https:\/\/www.european-institute.cz\/wp-content\/uploads\/2019\/11\/www.european-institute.cz-101.-CSR-3-Sach-TGM-2.jpg 1350w\" sizes=\"auto, (max-width: 940px) 100vw, 940px\" \/><\/a><\/p>\n<p class=\"s6\"><strong><span class=\"s5\"><a href=\"https:\/\/www.european-institute.cz\/wp-content\/uploads\/2019\/11\/101.-Let-CSR-zastita-Prezidenta-CR-725x1024-1.jpg\"><br \/>\n<\/a><a href=\"https:\/\/www.european-institute.cz\/wp-content\/uploads\/2019\/11\/Z\u00e1\u0161tita-VZ\u00da-Oslava-st\u00e1tn\u00edho-sv\u00e1tku-101.-v\u00fdro\u010d\u00ed-samostatn\u00e9-\u010ceskoslovensk\u00e9-republiky.png\"><img loading=\"lazy\" decoding=\"async\" class=\"aligncenter size-large wp-image-3007\" src=\"https:\/\/www.european-institute.cz\/wp-content\/uploads\/2019\/11\/Z\u00e1\u0161tita-VZ\u00da-Oslava-st\u00e1tn\u00edho-sv\u00e1tku-101.-v\u00fdro\u010d\u00ed-samostatn\u00e9-\u010ceskoslovensk\u00e9-republiky-724x1024.png\" alt=\"\" width=\"724\" height=\"1024\" srcset=\"https:\/\/www.european-institute.cz\/wp-content\/uploads\/2019\/11\/Z\u00e1\u0161tita-VZ\u00da-Oslava-st\u00e1tn\u00edho-sv\u00e1tku-101.-v\u00fdro\u010d\u00ed-samostatn\u00e9-\u010ceskoslovensk\u00e9-republiky.png 724w, https:\/\/www.european-institute.cz\/wp-content\/uploads\/2019\/11\/Z\u00e1\u0161tita-VZ\u00da-Oslava-st\u00e1tn\u00edho-sv\u00e1tku-101.-v\u00fdro\u010d\u00ed-samostatn\u00e9-\u010ceskoslovensk\u00e9-republiky-212x300.png 212w\" sizes=\"auto, (max-width: 724px) 100vw, 724px\" \/><\/a><a href=\"https:\/\/www.european-institute.cz\/wp-content\/uploads\/2019\/11\/www.european-institute.cz-101.-CSR-Pozvanka-Berchtold-a-Muzeum-TGM.jpg\"><img loading=\"lazy\" decoding=\"async\" class=\"aligncenter size-full wp-image-3005\" src=\"https:\/\/www.european-institute.cz\/wp-content\/uploads\/2019\/11\/www.european-institute.cz-101.-CSR-Pozvanka-Berchtold-a-Muzeum-TGM.jpg\" alt=\"\" width=\"960\" height=\"720\" srcset=\"https:\/\/www.european-institute.cz\/wp-content\/uploads\/2019\/11\/www.european-institute.cz-101.-CSR-Pozvanka-Berchtold-a-Muzeum-TGM.jpg 960w, https:\/\/www.european-institute.cz\/wp-content\/uploads\/2019\/11\/www.european-institute.cz-101.-CSR-Pozvanka-Berchtold-a-Muzeum-TGM-300x225.jpg 300w, https:\/\/www.european-institute.cz\/wp-content\/uploads\/2019\/11\/www.european-institute.cz-101.-CSR-Pozvanka-Berchtold-a-Muzeum-TGM-768x576.jpg 768w, https:\/\/www.european-institute.cz\/wp-content\/uploads\/2019\/11\/www.european-institute.cz-101.-CSR-Pozvanka-Berchtold-a-Muzeum-TGM-800x600.jpg 800w\" sizes=\"auto, (max-width: 960px) 100vw, 960px\" \/><\/a> <a href=\"https:\/\/www.european-institute.cz\/wp-content\/uploads\/2019\/11\/www.european-institute.cz-101.-CSR-Partneri-2019.png\"><img loading=\"lazy\" decoding=\"async\" class=\"aligncenter size-large wp-image-3004\" src=\"https:\/\/www.european-institute.cz\/wp-content\/uploads\/2019\/11\/www.european-institute.cz-101.-CSR-Partneri-2019-512x1024.png\" alt=\"\" width=\"512\" height=\"1024\" srcset=\"https:\/\/www.european-institute.cz\/wp-content\/uploads\/2019\/11\/www.european-institute.cz-101.-CSR-Partneri-2019-512x1024.png 512w, https:\/\/www.european-institute.cz\/wp-content\/uploads\/2019\/11\/www.european-institute.cz-101.-CSR-Partneri-2019-150x300.png 150w, https:\/\/www.european-institute.cz\/wp-content\/uploads\/2019\/11\/www.european-institute.cz-101.-CSR-Partneri-2019-768x1535.png 768w, https:\/\/www.european-institute.cz\/wp-content\/uploads\/2019\/11\/www.european-institute.cz-101.-CSR-Partneri-2019-800x1599.png 800w, https:\/\/www.european-institute.cz\/wp-content\/uploads\/2019\/11\/www.european-institute.cz-101.-CSR-Partneri-2019.png 938w\" sizes=\"auto, (max-width: 512px) 100vw, 512px\" \/><\/a> <a href=\"https:\/\/www.european-institute.cz\/wp-content\/uploads\/2019\/11\/www.european-institute.cz-101.-CSR-Muzeum-TGM-28.10.2019.jpg\"><img loading=\"lazy\" decoding=\"async\" class=\"aligncenter size-large wp-image-3003\" src=\"https:\/\/www.european-institute.cz\/wp-content\/uploads\/2019\/11\/www.european-institute.cz-101.-CSR-Muzeum-TGM-28.10.2019-724x1024.jpg\" alt=\"\" width=\"724\" height=\"1024\" srcset=\"https:\/\/www.european-institute.cz\/wp-content\/uploads\/2019\/11\/www.european-institute.cz-101.-CSR-Muzeum-TGM-28.10.2019.jpg 724w, https:\/\/www.european-institute.cz\/wp-content\/uploads\/2019\/11\/www.european-institute.cz-101.-CSR-Muzeum-TGM-28.10.2019-212x300.jpg 212w\" sizes=\"auto, (max-width: 724px) 100vw, 724px\" \/><\/a> <a href=\"https:\/\/www.european-institute.cz\/wp-content\/uploads\/2019\/11\/www.european-institute.cz-101.-CSR-22-Oslava-Berchtold.jpg\"><br \/>\n<\/a><a href=\"https:\/\/www.european-institute.cz\/wp-content\/uploads\/2019\/11\/www.european-institute.cz-101.-CSR-2-Pieta-TGM.jpg\"><br \/>\n<\/a><\/span><\/strong><span class=\"s7\">P\u0159\u00edlohy:<\/span><\/p>\n<div class=\"s14\"><span class=\"s13\">&#8211; <\/span><span class=\"s7\">Fotodokumentace<\/span><\/div>\n<div class=\"s14\"><span class=\"s13\">&#8211; <\/span><span class=\"s7\">Z\u00e1\u0161tita prezidenta \u010cR<\/span><\/div>\n<div class=\"s14\"><span class=\"s13\">&#8211; <\/span><span class=\"s7\">Z\u00e1\u0161tita velvyslance SR v\u00a0\u010cR<\/span><\/div>\n<div class=\"s14\"><span class=\"s13\">&#8211; <\/span><span class=\"s7\">Pozv\u00e1nka Muzea TGM<\/span><\/div>\n<div class=\"s14\"><span class=\"s13\">&#8211; <\/span><span class=\"s7\">Pozv\u00e1nka na Oslavu \u010cSR<\/span><\/div>\n<div class=\"s14\"><span class=\"s13\">&#8211; <\/span><span class=\"s7\">P\u0159ehled partner\u016f <\/span><span class=\"s7\">Oslav \u010cSR<\/span><\/div>\n<p><strong>Zdroj:<\/strong><br \/>\n<a href=\"http:\/\/www.c-s-r.cz\/\" target=\"_blank\" rel=\"noopener noreferrer\">WWW.C-S-R.CZ<\/a><br \/>\n<a href=\"https:\/\/www.muzeumtgm.cz\/\" target=\"_blank\" rel=\"noopener noreferrer\">https:\/\/www.muzeumtgm.cz\/<\/a><br \/>\n<a href=\"https:\/\/www.mrstefanik.sk\/\" target=\"_blank\" rel=\"noopener noreferrer\">https:\/\/www.mrstefanik.sk\/<\/a><br \/>\n<a href=\"https:\/\/www.european-institute.cz\/en\/\" target=\"_blank\" rel=\"noopener noreferrer\">https:\/\/www.european-institute.cz<\/a><br \/>\n<a href=\"http:\/\/www.nss.cz\/oslava-zalozeni-samostatne-ceskoslovenske-republiky-%E2%80%93-101.-vyroci\" target=\"_blank\" rel=\"noopener noreferrer\">http:\/\/www.nss.cz\/oslava-zalozeni-samostatne-ceskoslovenske-republiky-%E2%80%93-101.-vyroci<\/a><br \/>\n<a href=\"https:\/\/www.securitymagazin.cz\/security\/oslavy-100-vyroci-zalozeni-csr-v-slovenskem-domu-muzeu-tgm-a-v-legendarnim-divadle-semafor-1404061781.html\" target=\"_blank\" rel=\"noopener noreferrer\">https:\/\/www.securitymagazin.cz\/security\/oslavy-100-vyroci-zalozeni-csr-v-slovenskem-domu-muzeu-tgm-a-v-legendarnim-divadle-semafor-1404061781.html<\/a><\/p>","protected":false},"excerpt":{"rendered":"<p>OSLAVA ZALO\u017dEN\u00cd SAMOSTATN\u00c9 \u010cESKOSLOVENSK\u00c9 REPUBLIKY \u2013 101. V\u00ddRO\u010c\u00cd 27.10.2019 \u2013 28.10.2019 Z\u00e1mek Berchtold \u2013 Muzeum TGM v L\u00e1nech Zapsan\u00fd spolek \u010cSR \u2013 \u010cESKOSLOVENSK\u00c9 RENOM\u00c9 a EUROPEAN INSTITUTE Prague i v\u00a0leto\u0161n\u00edm roce ve spolupr\u00e1ci s tradi\u010dn\u00edmi partnery Muzeem TGM a Spole\u010dnost\u00ed &#8230;<\/p>","protected":false},"author":1,"featured_media":2974,"comment_status":"open","ping_status":"open","sticky":false,"template":"","format":"standard","meta":{"footnotes":""},"categories":[4],"tags":[],"class_list":["post-2973","post","type-post","status-publish","format-standard","has-post-thumbnail","hentry","category-novinky"],"yoast_head":"<!-- This site is optimized with the Yoast SEO plugin v24.7 - https:\/\/yoast.com\/wordpress\/plugins\/seo\/ -->\n<title>OSLAVA ZALO\u017dEN\u00cd SAMOSTATN\u00c9 \u010cESKOSLOVENSK\u00c9 REPUBLIKY \u2013 101. V\u00ddRO\u010c\u00cd - EUROPEAN INSTITUTE<\/title>\n<meta name=\"robots\" content=\"index, follow, max-snippet:-1, max-image-preview:large, max-video-preview:-1\" \/>\n<link rel=\"canonical\" href=\"https:\/\/www.european-institute.cz\/en\/oslava-zalozeni-samostatne-ceskoslovenske-republiky-101-vyroci\/\" \/>\n<meta property=\"og:locale\" content=\"en_GB\" \/>\n<meta property=\"og:type\" content=\"article\" \/>\n<meta property=\"og:title\" content=\"OSLAVA ZALO\u017dEN\u00cd SAMOSTATN\u00c9 \u010cESKOSLOVENSK\u00c9 REPUBLIKY \u2013 101. V\u00ddRO\u010c\u00cd - EUROPEAN INSTITUTE\" \/>\n<meta property=\"og:description\" content=\"OSLAVA ZALO\u017dEN\u00cd SAMOSTATN\u00c9 \u010cESKOSLOVENSK\u00c9 REPUBLIKY \u2013 101. V\u00ddRO\u010c\u00cd 27.10.2019 \u2013 28.10.2019 Z\u00e1mek Berchtold \u2013 Muzeum TGM v L\u00e1nech Zapsan\u00fd spolek \u010cSR \u2013 \u010cESKOSLOVENSK\u00c9 RENOM\u00c9 a EUROPEAN INSTITUTE Prague i v\u00a0leto\u0161n\u00edm roce ve spolupr\u00e1ci s tradi\u010dn\u00edmi partnery Muzeem TGM a Spole\u010dnost\u00ed ...\" \/>\n<meta property=\"og:url\" content=\"https:\/\/www.european-institute.cz\/en\/oslava-zalozeni-samostatne-ceskoslovenske-republiky-101-vyroci\/\" \/>\n<meta property=\"og:site_name\" content=\"EUROPEAN INSTITUTE\" \/>\n<meta property=\"article:published_time\" content=\"2020-02-09T07:16:39+00:00\" \/>\n<meta property=\"article:modified_time\" content=\"2020-02-12T17:16:49+00:00\" \/>\n<meta property=\"og:image\" content=\"https:\/\/www.european-institute.cz\/wp-content\/uploads\/2019\/11\/www.european-institute.cz-101.-CSR-11-Promoce-Berchtold.jpg\" \/>\n\t<meta property=\"og:image:width\" content=\"1261\" \/>\n\t<meta property=\"og:image:height\" content=\"900\" \/>\n\t<meta property=\"og:image:type\" content=\"image\/jpeg\" \/>\n<meta name=\"author\" content=\"EUI\" \/>\n<meta name=\"twitter:card\" content=\"summary_large_image\" \/>\n<meta name=\"twitter:label1\" content=\"Written by\" \/>\n\t<meta name=\"twitter:data1\" content=\"EUI\" \/>\n\t<meta name=\"twitter:label2\" content=\"Estimated reading time\" \/>\n\t<meta name=\"twitter:data2\" content=\"5 minutes\" \/>\n<script type=\"application\/ld+json\" class=\"yoast-schema-graph\">{\"@context\":\"https:\/\/schema.org\",\"@graph\":[{\"@type\":\"WebPage\",\"@id\":\"https:\/\/www.european-institute.cz\/en\/oslava-zalozeni-samostatne-ceskoslovenske-republiky-101-vyroci\/\",\"url\":\"https:\/\/www.european-institute.cz\/en\/oslava-zalozeni-samostatne-ceskoslovenske-republiky-101-vyroci\/\",\"name\":\"OSLAVA ZALO\u017dEN\u00cd SAMOSTATN\u00c9 \u010cESKOSLOVENSK\u00c9 REPUBLIKY \u2013 101. V\u00ddRO\u010c\u00cd - EUROPEAN INSTITUTE\",\"isPartOf\":{\"@id\":\"https:\/\/www.european-institute.cz\/#website\"},\"primaryImageOfPage\":{\"@id\":\"https:\/\/www.european-institute.cz\/en\/oslava-zalozeni-samostatne-ceskoslovenske-republiky-101-vyroci\/#primaryimage\"},\"image\":{\"@id\":\"https:\/\/www.european-institute.cz\/en\/oslava-zalozeni-samostatne-ceskoslovenske-republiky-101-vyroci\/#primaryimage\"},\"thumbnailUrl\":\"https:\/\/www.european-institute.cz\/wp-content\/uploads\/2019\/11\/www.european-institute.cz-101.-CSR-11-Promoce-Berchtold.jpg\",\"datePublished\":\"2020-02-09T07:16:39+00:00\",\"dateModified\":\"2020-02-12T17:16:49+00:00\",\"author\":{\"@id\":\"https:\/\/www.european-institute.cz\/#\/schema\/person\/b01cb719ea8f636e022294fcca0a67c4\"},\"breadcrumb\":{\"@id\":\"https:\/\/www.european-institute.cz\/en\/oslava-zalozeni-samostatne-ceskoslovenske-republiky-101-vyroci\/#breadcrumb\"},\"inLanguage\":\"en-GB\",\"potentialAction\":[{\"@type\":\"ReadAction\",\"target\":[\"https:\/\/www.european-institute.cz\/en\/oslava-zalozeni-samostatne-ceskoslovenske-republiky-101-vyroci\/\"]}]},{\"@type\":\"ImageObject\",\"inLanguage\":\"en-GB\",\"@id\":\"https:\/\/www.european-institute.cz\/en\/oslava-zalozeni-samostatne-ceskoslovenske-republiky-101-vyroci\/#primaryimage\",\"url\":\"https:\/\/www.european-institute.cz\/wp-content\/uploads\/2019\/11\/www.european-institute.cz-101.-CSR-11-Promoce-Berchtold.jpg\",\"contentUrl\":\"https:\/\/www.european-institute.cz\/wp-content\/uploads\/2019\/11\/www.european-institute.cz-101.-CSR-11-Promoce-Berchtold.jpg\",\"width\":1261,\"height\":900},{\"@type\":\"BreadcrumbList\",\"@id\":\"https:\/\/www.european-institute.cz\/en\/oslava-zalozeni-samostatne-ceskoslovenske-republiky-101-vyroci\/#breadcrumb\",\"itemListElement\":[{\"@type\":\"ListItem\",\"position\":1,\"name\":\"Dom\u016f\",\"item\":\"https:\/\/www.european-institute.cz\/\"},{\"@type\":\"ListItem\",\"position\":2,\"name\":\"OSLAVA ZALO\u017dEN\u00cd SAMOSTATN\u00c9 \u010cESKOSLOVENSK\u00c9 REPUBLIKY \u2013 101. V\u00ddRO\u010c\u00cd\"}]},{\"@type\":\"WebSite\",\"@id\":\"https:\/\/www.european-institute.cz\/#website\",\"url\":\"https:\/\/www.european-institute.cz\/\",\"name\":\"EUROPEAN INSTITUTE\",\"description\":\"\",\"potentialAction\":[{\"@type\":\"SearchAction\",\"target\":{\"@type\":\"EntryPoint\",\"urlTemplate\":\"https:\/\/www.european-institute.cz\/?s={search_term_string}\"},\"query-input\":{\"@type\":\"PropertyValueSpecification\",\"valueRequired\":true,\"valueName\":\"search_term_string\"}}],\"inLanguage\":\"en-GB\"},{\"@type\":\"Person\",\"@id\":\"https:\/\/www.european-institute.cz\/#\/schema\/person\/b01cb719ea8f636e022294fcca0a67c4\",\"name\":\"EUI\",\"url\":\"https:\/\/www.european-institute.cz\/en\/author\/eui\/\"}]}<\/script>\n<!-- \/ Yoast SEO plugin. -->","yoast_head_json":{"title":"OSLAVA ZALO\u017dEN\u00cd SAMOSTATN\u00c9 \u010cESKOSLOVENSK\u00c9 REPUBLIKY \u2013 101. V\u00ddRO\u010c\u00cd - EUROPEAN INSTITUTE","robots":{"index":"index","follow":"follow","max-snippet":"max-snippet:-1","max-image-preview":"max-image-preview:large","max-video-preview":"max-video-preview:-1"},"canonical":"https:\/\/www.european-institute.cz\/en\/oslava-zalozeni-samostatne-ceskoslovenske-republiky-101-vyroci\/","og_locale":"en_GB","og_type":"article","og_title":"OSLAVA ZALO\u017dEN\u00cd SAMOSTATN\u00c9 \u010cESKOSLOVENSK\u00c9 REPUBLIKY \u2013 101. V\u00ddRO\u010c\u00cd - EUROPEAN INSTITUTE","og_description":"OSLAVA ZALO\u017dEN\u00cd SAMOSTATN\u00c9 \u010cESKOSLOVENSK\u00c9 REPUBLIKY \u2013 101. V\u00ddRO\u010c\u00cd 27.10.2019 \u2013 28.10.2019 Z\u00e1mek Berchtold \u2013 Muzeum TGM v L\u00e1nech Zapsan\u00fd spolek \u010cSR \u2013 \u010cESKOSLOVENSK\u00c9 RENOM\u00c9 a EUROPEAN INSTITUTE Prague i v\u00a0leto\u0161n\u00edm roce ve spolupr\u00e1ci s tradi\u010dn\u00edmi partnery Muzeem TGM a Spole\u010dnost\u00ed ...","og_url":"https:\/\/www.european-institute.cz\/en\/oslava-zalozeni-samostatne-ceskoslovenske-republiky-101-vyroci\/","og_site_name":"EUROPEAN INSTITUTE","article_published_time":"2020-02-09T07:16:39+00:00","article_modified_time":"2020-02-12T17:16:49+00:00","og_image":[{"width":1261,"height":900,"url":"https:\/\/www.european-institute.cz\/wp-content\/uploads\/2019\/11\/www.european-institute.cz-101.-CSR-11-Promoce-Berchtold.jpg","type":"image\/jpeg"}],"author":"EUI","twitter_card":"summary_large_image","twitter_misc":{"Written by":"EUI","Estimated reading time":"5 minutes"},"schema":{"@context":"https:\/\/schema.org","@graph":[{"@type":"WebPage","@id":"https:\/\/www.european-institute.cz\/en\/oslava-zalozeni-samostatne-ceskoslovenske-republiky-101-vyroci\/","url":"https:\/\/www.european-institute.cz\/en\/oslava-zalozeni-samostatne-ceskoslovenske-republiky-101-vyroci\/","name":"OSLAVA ZALO\u017dEN\u00cd SAMOSTATN\u00c9 \u010cESKOSLOVENSK\u00c9 REPUBLIKY \u2013 101. V\u00ddRO\u010c\u00cd - EUROPEAN INSTITUTE","isPartOf":{"@id":"https:\/\/www.european-institute.cz\/#website"},"primaryImageOfPage":{"@id":"https:\/\/www.european-institute.cz\/en\/oslava-zalozeni-samostatne-ceskoslovenske-republiky-101-vyroci\/#primaryimage"},"image":{"@id":"https:\/\/www.european-institute.cz\/en\/oslava-zalozeni-samostatne-ceskoslovenske-republiky-101-vyroci\/#primaryimage"},"thumbnailUrl":"https:\/\/www.european-institute.cz\/wp-content\/uploads\/2019\/11\/www.european-institute.cz-101.-CSR-11-Promoce-Berchtold.jpg","datePublished":"2020-02-09T07:16:39+00:00","dateModified":"2020-02-12T17:16:49+00:00","author":{"@id":"https:\/\/www.european-institute.cz\/#\/schema\/person\/b01cb719ea8f636e022294fcca0a67c4"},"breadcrumb":{"@id":"https:\/\/www.european-institute.cz\/en\/oslava-zalozeni-samostatne-ceskoslovenske-republiky-101-vyroci\/#breadcrumb"},"inLanguage":"en-GB","potentialAction":[{"@type":"ReadAction","target":["https:\/\/www.european-institute.cz\/en\/oslava-zalozeni-samostatne-ceskoslovenske-republiky-101-vyroci\/"]}]},{"@type":"ImageObject","inLanguage":"en-GB","@id":"https:\/\/www.european-institute.cz\/en\/oslava-zalozeni-samostatne-ceskoslovenske-republiky-101-vyroci\/#primaryimage","url":"https:\/\/www.european-institute.cz\/wp-content\/uploads\/2019\/11\/www.european-institute.cz-101.-CSR-11-Promoce-Berchtold.jpg","contentUrl":"https:\/\/www.european-institute.cz\/wp-content\/uploads\/2019\/11\/www.european-institute.cz-101.-CSR-11-Promoce-Berchtold.jpg","width":1261,"height":900},{"@type":"BreadcrumbList","@id":"https:\/\/www.european-institute.cz\/en\/oslava-zalozeni-samostatne-ceskoslovenske-republiky-101-vyroci\/#breadcrumb","itemListElement":[{"@type":"ListItem","position":1,"name":"Dom\u016f","item":"https:\/\/www.european-institute.cz\/"},{"@type":"ListItem","position":2,"name":"OSLAVA ZALO\u017dEN\u00cd SAMOSTATN\u00c9 \u010cESKOSLOVENSK\u00c9 REPUBLIKY \u2013 101. V\u00ddRO\u010c\u00cd"}]},{"@type":"WebSite","@id":"https:\/\/www.european-institute.cz\/#website","url":"https:\/\/www.european-institute.cz\/","name":"EUROPEAN INSTITUTE","description":"","potentialAction":[{"@type":"SearchAction","target":{"@type":"EntryPoint","urlTemplate":"https:\/\/www.european-institute.cz\/?s={search_term_string}"},"query-input":{"@type":"PropertyValueSpecification","valueRequired":true,"valueName":"search_term_string"}}],"inLanguage":"en-GB"},{"@type":"Person","@id":"https:\/\/www.european-institute.cz\/#\/schema\/person\/b01cb719ea8f636e022294fcca0a67c4","name":"EUI","url":"https:\/\/www.european-institute.cz\/en\/author\/eui\/"}]}},"_links":{"self":[{"href":"https:\/\/www.european-institute.cz\/en\/wp-json\/wp\/v2\/posts\/2973","targetHints":{"allow":["GET"]}}],"collection":[{"href":"https:\/\/www.european-institute.cz\/en\/wp-json\/wp\/v2\/posts"}],"about":[{"href":"https:\/\/www.european-institute.cz\/en\/wp-json\/wp\/v2\/types\/post"}],"author":[{"embeddable":true,"href":"https:\/\/www.european-institute.cz\/en\/wp-json\/wp\/v2\/users\/1"}],"replies":[{"embeddable":true,"href":"https:\/\/www.european-institute.cz\/en\/wp-json\/wp\/v2\/comments?post=2973"}],"version-history":[{"count":9,"href":"https:\/\/www.european-institute.cz\/en\/wp-json\/wp\/v2\/posts\/2973\/revisions"}],"predecessor-version":[{"id":2978,"href":"https:\/\/www.european-institute.cz\/en\/wp-json\/wp\/v2\/posts\/2973\/revisions\/2978"}],"wp:featuredmedia":[{"embeddable":true,"href":"https:\/\/www.european-institute.cz\/en\/wp-json\/wp\/v2\/media\/2974"}],"wp:attachment":[{"href":"https:\/\/www.european-institute.cz\/en\/wp-json\/wp\/v2\/media?parent=2973"}],"wp:term":[{"taxonomy":"category","embeddable":true,"href":"https:\/\/www.european-institute.cz\/en\/wp-json\/wp\/v2\/categories?post=2973"},{"taxonomy":"post_tag","embeddable":true,"href":"https:\/\/www.european-institute.cz\/en\/wp-json\/wp\/v2\/tags?post=2973"}],"curies":[{"name":"wp","href":"https:\/\/api.w.org\/{rel}","templated":true}]}}