{"id":3059,"date":"2020-02-01T18:18:32","date_gmt":"2020-02-01T17:18:32","guid":{"rendered":"https:\/\/www.european-institute.cz\/?p=3059"},"modified":"2020-02-12T18:19:27","modified_gmt":"2020-02-12T17:19:27","slug":"fakulta-manazmentu-zorganizovala-dalsi-rocnik-prestiznej-manager-patry","status":"publish","type":"post","link":"https:\/\/www.european-institute.cz\/en\/fakulta-manazmentu-zorganizovala-dalsi-rocnik-prestiznej-manager-patry\/","title":{"rendered":"FAKULTA MANA\u017dMENTU ZORGANIZOVALA \u010eAL\u0160\u00cd RO\u010cN\u00cdK PREST\u00cd\u017dNEJ MANAGER PATRY"},"content":{"rendered":"<p>Manager party m\u00e1 svoju trad\u00edciu u\u017e od roku 1995, kedy ju zalo\u017eil s\u00fa\u010dasn\u00fd dekan Fakulty mana\u017ementu prof. Ing. R\u00f3bert \u0160tefko, Ph.D. Tohtoro\u010dn\u00e1 Manager party sa uskuto\u010dnila 26.11.2019, v historickej s\u00e1le Parku Kult\u00fary a Oddychu \u010cierny Orol, pod z\u00e1\u0161titou Fakulty mana\u017ementu v spolupr\u00e1ci s eventovou agent\u00farou All4event, ktor\u00e1 zabezpe\u010dila kompletn\u00fd servis pod veden\u00edm eventov\u00e9ho managera Michala Ko\u010di\u0161ka. O chutn\u00e9 jedlo a ob\u010derstvenie sa postaral Dobr\u00fd Catering.<\/p>\n<p>Manager party tento rok pon\u00fakla bohat\u00fd hudobn\u00fd program, o ktor\u00fd sa postarala \u013eudov\u00e1 hudba Basawell, DJ Steeve G a \u0161peci\u00e1lny hudobn\u00fdm hos\u0165om bol zn\u00e1my perkusionista Bongoman Elizz. Programom n\u00e1s sprev\u00e1dzal sk\u00fasen\u00fd a v\u017edy dobre naladen\u00fd moder\u00e1tor Edo Mich\u00e1lek.<\/p>\n<p><img decoding=\"async\" class=\"img-responsive\" title=\"Managerparty 2019 - Fakulta mana\u017ementu UNIPO\" src=\"https:\/\/www.studujmanazment.sk\/images\/aktuality\/002party.jpeg\" alt=\"Managerparty 2019 - Fakulta mana\u017ementu UNIPO\" \/><\/p>\n<p><strong>Partnerom tohtoro\u010dnej Manager party bol <a href=\"https:\/\/www.european-institute.cz\/en\/\" target=\"_blank\" rel=\"noopener noreferrer\">EUROPEAN INSTITUTE Prague<\/a><\/strong>, v zast\u00fapen\u00ed jej majite\u013ea p\u00e1na Ing. Vladislava Stanka, MBA, LL.M., ktor\u00fd je z\u00e1rove\u0148 poslancom mestsk\u00e9ho zastupite\u013estva mesta Ko\u0161ice i za mestsk\u00fa \u010das\u0165 Ko\u0161ice &#8211; Dargovsk\u00fdch hrdinov, a tie\u017e extern\u00fdm doktorandom na Fakulte mana\u017ementu. <strong>Ten v prvom rade garantoval v\u0161etk\u00fdm hos\u0165om Manager party 50 % z\u013eavu na \u0161t\u00fadium na EUROPEAN INSTITUTE, a z\u00e1rove\u0148 venoval do tomboly ako prv\u00fa cenu 100 % z\u013eavu na \u0161t\u00fadium ak\u00e9hoko\u013evek odboru, ktor\u00e9 in\u0161tit\u00fat pon\u00faka, v hodnote 4 800 eur<\/strong>.<\/p>\n<p><img decoding=\"async\" class=\"img-responsive\" title=\"Managerparty 2019 - Fakulta mana\u017ementu UNIPO\" src=\"https:\/\/www.studujmanazment.sk\/images\/aktuality\/003party.jpeg\" alt=\"Managerparty 2019 - Fakulta mana\u017ementu UNIPO\" \/><\/p>\n<p>V\u00ed\u0165azovi v\u00fdhern\u00e9ho poukazu p\u00e1novi Andrejovi \u0160koricovi, srde\u010dne blaho\u017eel\u00e1me. \u010eakujeme za va\u0161u \u00fa\u010das\u0165 a priaze\u0148. Vid\u00edme sa na \u010fal\u0161om ro\u010dn\u00edku Manager party 2020! Cel\u00fa fotodokument\u00e1ciu z Manager party n\u00e1jdete na Facebookovom profile <a href=\"https:\/\/www.facebook.com\/pg\/presovskivysokoskolaci\/photos\/?tab=album&amp;album_id=2893608267329865&amp;ref=page_internal\" target=\"_blank\" rel=\"noopener noreferrer\">Pre\u0161ovsk\u00ed vysoko\u0161kol\u00e1ci<\/a>.<\/p>\n<p><strong>EUROPEAN INSTITUTE OF BUSINESS AND PUBLIC EDUCATION Prague v spolupr\u00e1ci s Fakultou mana\u017ementu Pre\u0161ovskej univerzity v Pre\u0161ove pon\u00faka prest\u00ed\u017ene postgradu\u00e1lne mana\u017e\u00e9rske \u0161t\u00fadium v\u0161etk\u00fdm \u0161tudentom a zamestnancom Pre\u0161ovskej univerzity za \u0161peci\u00e1lne zv\u00fdhodnen\u00fa cenu 2400 \u20ac bez DPH garantovan\u00fa do 31.12.2019.<\/strong><\/p>\n<p>Na z\u00e1klade dlhodobej zmluvy o spolupr\u00e1ci medzi Fakultou mana\u017ementu Pre\u0161ovskej univerzity v Pre\u0161ove a EUROPEAN INSTITUTE OF BUSINESS AND PUBLIC EDUCATION Prague a z\u00e1rove\u0148 v tesnom prepojen\u00ed s IES \u2013 International Education Society London je realizovan\u00e9 prest\u00ed\u017ene obchodno-mana\u017e\u00e9rske \u0161t\u00fadium MBA &#8211; Business Management.<\/p>\n<p>Pr\u00e1ve v\u010faka prepojeniu s Fakultou mana\u017ementu je mo\u017en\u00e9 pon\u00faknu\u0165 \u0161t\u00fadium MBA v tomto obdob\u00ed pre \u0161tudentov a zamestnancov Pre\u0161ovskej univerzity v Pre\u0161ove za zv\u00fdhodnen\u00fdch nielen \u0161tudijn\u00fdch podmienok, ale aj zvl\u00e1\u0161\u0165 v\u00fdhodnej ceny.<\/p>\n<p><strong>Info linka pre z\u00e1ujemcov o \u0161t\u00fadium MBA z Pre\u0161ovskej univerzity: +421 948 260 858. Mgr. Petronela Broz\u00e1kov\u00e1, MBA V\u00e1m rada poskytne kompletn\u00e9 inform\u00e1cie.<\/strong><\/p>\n<p>Uk\u00e1\u017ekov\u00e9 hodiny gr\u00e1tis budeme realizova\u0165 v EUROPEAN INSTITUTE v Prahe, v CANADIAN INSTITUTE v Bratislave a na Fakulte mana\u017ementu PU v Pre\u0161ove. Z\u00e1ujem o uk\u00e1\u017ekov\u00fa hodinu, alebo prihl\u00e1\u0161ky na \u0161t\u00fadium posielajte p\u00edsomne na:<\/p>\n<ul>\n<li><a href=\"mailto:studijni@european-institute.cz\" target=\"_blank\" rel=\"noopener noreferrer\">studijni@european-institute.cz<\/a><\/li>\n<li><a href=\"mailto:studijne@european-institute.cz\" target=\"_blank\" rel=\"noopener noreferrer\">studijne@european-institute.cz<\/a><\/li>\n<li><a href=\"https:\/\/www.european-institute.cz\/en\/\" target=\"_blank\" rel=\"noopener noreferrer\">http:\/\/european-institute.cz<\/a><\/li>\n<li><a href=\"https:\/\/www.facebook.com\/EuropeanInstituteEducation\" target=\"_blank\" rel=\"noopener noreferrer\">https:\/\/www.facebook.com\/EuropeanInstituteEducation<\/a><\/li>\n<\/ul>\n<p><img decoding=\"async\" class=\"img-responsive\" title=\"Managerparty 2019 - Fakulta mana\u017ementu UNIPO\" src=\"https:\/\/www.studujmanazment.sk\/images\/aktuality\/004party.jpeg\" alt=\"Managerparty 2019 - Fakulta mana\u017ementu UNIPO\" \/><\/p>","protected":false},"excerpt":{"rendered":"<p>Manager party m\u00e1 svoju trad\u00edciu u\u017e od roku 1995, kedy ju zalo\u017eil s\u00fa\u010dasn\u00fd dekan Fakulty mana\u017ementu prof. Ing. R\u00f3bert \u0160tefko, Ph.D. Tohtoro\u010dn\u00e1 Manager party sa uskuto\u010dnila 26.11.2019, v historickej s\u00e1le Parku Kult\u00fary a Oddychu \u010cierny Orol, pod z\u00e1\u0161titou Fakulty mana\u017ementu &#8230;<\/p>","protected":false},"author":1,"featured_media":3060,"comment_status":"open","ping_status":"open","sticky":false,"template":"","format":"standard","meta":{"footnotes":""},"categories":[4],"tags":[],"class_list":["post-3059","post","type-post","status-publish","format-standard","has-post-thumbnail","hentry","category-novinky"],"yoast_head":"<!-- This site is optimized with the Yoast SEO plugin v24.7 - https:\/\/yoast.com\/wordpress\/plugins\/seo\/ -->\n<title>FAKULTA MANA\u017dMENTU ZORGANIZOVALA \u010eAL\u0160\u00cd RO\u010cN\u00cdK PREST\u00cd\u017dNEJ MANAGER PATRY - EUROPEAN INSTITUTE<\/title>\n<meta name=\"robots\" content=\"index, follow, max-snippet:-1, max-image-preview:large, max-video-preview:-1\" \/>\n<link rel=\"canonical\" href=\"https:\/\/www.european-institute.cz\/en\/fakulta-manazmentu-zorganizovala-dalsi-rocnik-prestiznej-manager-patry\/\" \/>\n<meta property=\"og:locale\" content=\"en_GB\" \/>\n<meta property=\"og:type\" content=\"article\" \/>\n<meta property=\"og:title\" content=\"FAKULTA MANA\u017dMENTU ZORGANIZOVALA \u010eAL\u0160\u00cd RO\u010cN\u00cdK PREST\u00cd\u017dNEJ MANAGER PATRY - EUROPEAN INSTITUTE\" \/>\n<meta property=\"og:description\" content=\"Manager party m\u00e1 svoju trad\u00edciu u\u017e od roku 1995, kedy ju zalo\u017eil s\u00fa\u010dasn\u00fd dekan Fakulty mana\u017ementu prof. Ing. R\u00f3bert \u0160tefko, Ph.D. Tohtoro\u010dn\u00e1 Manager party sa uskuto\u010dnila 26.11.2019, v historickej s\u00e1le Parku Kult\u00fary a Oddychu \u010cierny Orol, pod z\u00e1\u0161titou Fakulty mana\u017ementu ...\" \/>\n<meta property=\"og:url\" content=\"https:\/\/www.european-institute.cz\/en\/fakulta-manazmentu-zorganizovala-dalsi-rocnik-prestiznej-manager-patry\/\" \/>\n<meta property=\"og:site_name\" content=\"EUROPEAN INSTITUTE\" \/>\n<meta property=\"article:published_time\" content=\"2020-02-01T17:18:32+00:00\" \/>\n<meta property=\"article:modified_time\" content=\"2020-02-12T17:19:27+00:00\" \/>\n<meta property=\"og:image\" content=\"https:\/\/www.european-institute.cz\/wp-content\/uploads\/2020\/02\/001party.jpeg\" \/>\n\t<meta property=\"og:image:width\" content=\"500\" \/>\n\t<meta property=\"og:image:height\" content=\"333\" \/>\n\t<meta property=\"og:image:type\" content=\"image\/jpeg\" \/>\n<meta name=\"author\" content=\"EUI\" \/>\n<meta name=\"twitter:card\" content=\"summary_large_image\" \/>\n<meta name=\"twitter:label1\" content=\"Written by\" \/>\n\t<meta name=\"twitter:data1\" content=\"EUI\" \/>\n\t<meta name=\"twitter:label2\" content=\"Estimated reading time\" \/>\n\t<meta name=\"twitter:data2\" content=\"3 minutes\" \/>\n<script type=\"application\/ld+json\" class=\"yoast-schema-graph\">{\"@context\":\"https:\/\/schema.org\",\"@graph\":[{\"@type\":\"WebPage\",\"@id\":\"https:\/\/www.european-institute.cz\/en\/fakulta-manazmentu-zorganizovala-dalsi-rocnik-prestiznej-manager-patry\/\",\"url\":\"https:\/\/www.european-institute.cz\/en\/fakulta-manazmentu-zorganizovala-dalsi-rocnik-prestiznej-manager-patry\/\",\"name\":\"FAKULTA MANA\u017dMENTU ZORGANIZOVALA \u010eAL\u0160\u00cd RO\u010cN\u00cdK PREST\u00cd\u017dNEJ MANAGER PATRY - EUROPEAN INSTITUTE\",\"isPartOf\":{\"@id\":\"https:\/\/www.european-institute.cz\/#website\"},\"primaryImageOfPage\":{\"@id\":\"https:\/\/www.european-institute.cz\/en\/fakulta-manazmentu-zorganizovala-dalsi-rocnik-prestiznej-manager-patry\/#primaryimage\"},\"image\":{\"@id\":\"https:\/\/www.european-institute.cz\/en\/fakulta-manazmentu-zorganizovala-dalsi-rocnik-prestiznej-manager-patry\/#primaryimage\"},\"thumbnailUrl\":\"https:\/\/www.european-institute.cz\/wp-content\/uploads\/2020\/02\/001party.jpeg\",\"datePublished\":\"2020-02-01T17:18:32+00:00\",\"dateModified\":\"2020-02-12T17:19:27+00:00\",\"author\":{\"@id\":\"https:\/\/www.european-institute.cz\/#\/schema\/person\/b01cb719ea8f636e022294fcca0a67c4\"},\"breadcrumb\":{\"@id\":\"https:\/\/www.european-institute.cz\/en\/fakulta-manazmentu-zorganizovala-dalsi-rocnik-prestiznej-manager-patry\/#breadcrumb\"},\"inLanguage\":\"en-GB\",\"potentialAction\":[{\"@type\":\"ReadAction\",\"target\":[\"https:\/\/www.european-institute.cz\/en\/fakulta-manazmentu-zorganizovala-dalsi-rocnik-prestiznej-manager-patry\/\"]}]},{\"@type\":\"ImageObject\",\"inLanguage\":\"en-GB\",\"@id\":\"https:\/\/www.european-institute.cz\/en\/fakulta-manazmentu-zorganizovala-dalsi-rocnik-prestiznej-manager-patry\/#primaryimage\",\"url\":\"https:\/\/www.european-institute.cz\/wp-content\/uploads\/2020\/02\/001party.jpeg\",\"contentUrl\":\"https:\/\/www.european-institute.cz\/wp-content\/uploads\/2020\/02\/001party.jpeg\",\"width\":500,\"height\":333},{\"@type\":\"BreadcrumbList\",\"@id\":\"https:\/\/www.european-institute.cz\/en\/fakulta-manazmentu-zorganizovala-dalsi-rocnik-prestiznej-manager-patry\/#breadcrumb\",\"itemListElement\":[{\"@type\":\"ListItem\",\"position\":1,\"name\":\"Dom\u016f\",\"item\":\"https:\/\/www.european-institute.cz\/\"},{\"@type\":\"ListItem\",\"position\":2,\"name\":\"FAKULTA MANA\u017dMENTU ZORGANIZOVALA \u010eAL\u0160\u00cd RO\u010cN\u00cdK PREST\u00cd\u017dNEJ MANAGER PATRY\"}]},{\"@type\":\"WebSite\",\"@id\":\"https:\/\/www.european-institute.cz\/#website\",\"url\":\"https:\/\/www.european-institute.cz\/\",\"name\":\"EUROPEAN INSTITUTE\",\"description\":\"\",\"potentialAction\":[{\"@type\":\"SearchAction\",\"target\":{\"@type\":\"EntryPoint\",\"urlTemplate\":\"https:\/\/www.european-institute.cz\/?s={search_term_string}\"},\"query-input\":{\"@type\":\"PropertyValueSpecification\",\"valueRequired\":true,\"valueName\":\"search_term_string\"}}],\"inLanguage\":\"en-GB\"},{\"@type\":\"Person\",\"@id\":\"https:\/\/www.european-institute.cz\/#\/schema\/person\/b01cb719ea8f636e022294fcca0a67c4\",\"name\":\"EUI\",\"url\":\"https:\/\/www.european-institute.cz\/en\/author\/eui\/\"}]}<\/script>\n<!-- \/ Yoast SEO plugin. -->","yoast_head_json":{"title":"FAKULTA MANA\u017dMENTU ZORGANIZOVALA \u010eAL\u0160\u00cd RO\u010cN\u00cdK PREST\u00cd\u017dNEJ MANAGER PATRY - EUROPEAN INSTITUTE","robots":{"index":"index","follow":"follow","max-snippet":"max-snippet:-1","max-image-preview":"max-image-preview:large","max-video-preview":"max-video-preview:-1"},"canonical":"https:\/\/www.european-institute.cz\/en\/fakulta-manazmentu-zorganizovala-dalsi-rocnik-prestiznej-manager-patry\/","og_locale":"en_GB","og_type":"article","og_title":"FAKULTA MANA\u017dMENTU ZORGANIZOVALA \u010eAL\u0160\u00cd RO\u010cN\u00cdK PREST\u00cd\u017dNEJ MANAGER PATRY - EUROPEAN INSTITUTE","og_description":"Manager party m\u00e1 svoju trad\u00edciu u\u017e od roku 1995, kedy ju zalo\u017eil s\u00fa\u010dasn\u00fd dekan Fakulty mana\u017ementu prof. Ing. R\u00f3bert \u0160tefko, Ph.D. Tohtoro\u010dn\u00e1 Manager party sa uskuto\u010dnila 26.11.2019, v historickej s\u00e1le Parku Kult\u00fary a Oddychu \u010cierny Orol, pod z\u00e1\u0161titou Fakulty mana\u017ementu ...","og_url":"https:\/\/www.european-institute.cz\/en\/fakulta-manazmentu-zorganizovala-dalsi-rocnik-prestiznej-manager-patry\/","og_site_name":"EUROPEAN INSTITUTE","article_published_time":"2020-02-01T17:18:32+00:00","article_modified_time":"2020-02-12T17:19:27+00:00","og_image":[{"width":500,"height":333,"url":"https:\/\/www.european-institute.cz\/wp-content\/uploads\/2020\/02\/001party.jpeg","type":"image\/jpeg"}],"author":"EUI","twitter_card":"summary_large_image","twitter_misc":{"Written by":"EUI","Estimated reading time":"3 minutes"},"schema":{"@context":"https:\/\/schema.org","@graph":[{"@type":"WebPage","@id":"https:\/\/www.european-institute.cz\/en\/fakulta-manazmentu-zorganizovala-dalsi-rocnik-prestiznej-manager-patry\/","url":"https:\/\/www.european-institute.cz\/en\/fakulta-manazmentu-zorganizovala-dalsi-rocnik-prestiznej-manager-patry\/","name":"FAKULTA MANA\u017dMENTU ZORGANIZOVALA \u010eAL\u0160\u00cd RO\u010cN\u00cdK PREST\u00cd\u017dNEJ MANAGER PATRY - EUROPEAN INSTITUTE","isPartOf":{"@id":"https:\/\/www.european-institute.cz\/#website"},"primaryImageOfPage":{"@id":"https:\/\/www.european-institute.cz\/en\/fakulta-manazmentu-zorganizovala-dalsi-rocnik-prestiznej-manager-patry\/#primaryimage"},"image":{"@id":"https:\/\/www.european-institute.cz\/en\/fakulta-manazmentu-zorganizovala-dalsi-rocnik-prestiznej-manager-patry\/#primaryimage"},"thumbnailUrl":"https:\/\/www.european-institute.cz\/wp-content\/uploads\/2020\/02\/001party.jpeg","datePublished":"2020-02-01T17:18:32+00:00","dateModified":"2020-02-12T17:19:27+00:00","author":{"@id":"https:\/\/www.european-institute.cz\/#\/schema\/person\/b01cb719ea8f636e022294fcca0a67c4"},"breadcrumb":{"@id":"https:\/\/www.european-institute.cz\/en\/fakulta-manazmentu-zorganizovala-dalsi-rocnik-prestiznej-manager-patry\/#breadcrumb"},"inLanguage":"en-GB","potentialAction":[{"@type":"ReadAction","target":["https:\/\/www.european-institute.cz\/en\/fakulta-manazmentu-zorganizovala-dalsi-rocnik-prestiznej-manager-patry\/"]}]},{"@type":"ImageObject","inLanguage":"en-GB","@id":"https:\/\/www.european-institute.cz\/en\/fakulta-manazmentu-zorganizovala-dalsi-rocnik-prestiznej-manager-patry\/#primaryimage","url":"https:\/\/www.european-institute.cz\/wp-content\/uploads\/2020\/02\/001party.jpeg","contentUrl":"https:\/\/www.european-institute.cz\/wp-content\/uploads\/2020\/02\/001party.jpeg","width":500,"height":333},{"@type":"BreadcrumbList","@id":"https:\/\/www.european-institute.cz\/en\/fakulta-manazmentu-zorganizovala-dalsi-rocnik-prestiznej-manager-patry\/#breadcrumb","itemListElement":[{"@type":"ListItem","position":1,"name":"Dom\u016f","item":"https:\/\/www.european-institute.cz\/"},{"@type":"ListItem","position":2,"name":"FAKULTA MANA\u017dMENTU ZORGANIZOVALA \u010eAL\u0160\u00cd RO\u010cN\u00cdK PREST\u00cd\u017dNEJ MANAGER PATRY"}]},{"@type":"WebSite","@id":"https:\/\/www.european-institute.cz\/#website","url":"https:\/\/www.european-institute.cz\/","name":"EUROPEAN INSTITUTE","description":"","potentialAction":[{"@type":"SearchAction","target":{"@type":"EntryPoint","urlTemplate":"https:\/\/www.european-institute.cz\/?s={search_term_string}"},"query-input":{"@type":"PropertyValueSpecification","valueRequired":true,"valueName":"search_term_string"}}],"inLanguage":"en-GB"},{"@type":"Person","@id":"https:\/\/www.european-institute.cz\/#\/schema\/person\/b01cb719ea8f636e022294fcca0a67c4","name":"EUI","url":"https:\/\/www.european-institute.cz\/en\/author\/eui\/"}]}},"_links":{"self":[{"href":"https:\/\/www.european-institute.cz\/en\/wp-json\/wp\/v2\/posts\/3059","targetHints":{"allow":["GET"]}}],"collection":[{"href":"https:\/\/www.european-institute.cz\/en\/wp-json\/wp\/v2\/posts"}],"about":[{"href":"https:\/\/www.european-institute.cz\/en\/wp-json\/wp\/v2\/types\/post"}],"author":[{"embeddable":true,"href":"https:\/\/www.european-institute.cz\/en\/wp-json\/wp\/v2\/users\/1"}],"replies":[{"embeddable":true,"href":"https:\/\/www.european-institute.cz\/en\/wp-json\/wp\/v2\/comments?post=3059"}],"version-history":[{"count":1,"href":"https:\/\/www.european-institute.cz\/en\/wp-json\/wp\/v2\/posts\/3059\/revisions"}],"predecessor-version":[{"id":3061,"href":"https:\/\/www.european-institute.cz\/en\/wp-json\/wp\/v2\/posts\/3059\/revisions\/3061"}],"wp:featuredmedia":[{"embeddable":true,"href":"https:\/\/www.european-institute.cz\/en\/wp-json\/wp\/v2\/media\/3060"}],"wp:attachment":[{"href":"https:\/\/www.european-institute.cz\/en\/wp-json\/wp\/v2\/media?parent=3059"}],"wp:term":[{"taxonomy":"category","embeddable":true,"href":"https:\/\/www.european-institute.cz\/en\/wp-json\/wp\/v2\/categories?post=3059"},{"taxonomy":"post_tag","embeddable":true,"href":"https:\/\/www.european-institute.cz\/en\/wp-json\/wp\/v2\/tags?post=3059"}],"curies":[{"name":"wp","href":"https:\/\/api.w.org\/{rel}","templated":true}]}}