{"id":3110,"date":"2020-02-05T18:58:38","date_gmt":"2020-02-05T17:58:38","guid":{"rendered":"https:\/\/www.european-institute.cz\/?p=3110"},"modified":"2020-02-12T18:58:51","modified_gmt":"2020-02-12T17:58:51","slug":"vladislav-stanko-on-the-23rd-crystal-wing-awards-ceremony","status":"publish","type":"post","link":"https:\/\/www.european-institute.cz\/en\/vladislav-stanko-on-the-23rd-crystal-wing-awards-ceremony\/","title":{"rendered":"Vladislav Stanko on the 23rd Crystal Wing Awards Ceremony"},"content":{"rendered":"<p>Majitel EUROPEAN INSTITUTE Prague a poslanec Ko\u0161ic, pan Ing. Vladislav Stanko, MBA, LL.M. se dne 9.2.2020 osobn\u011b z\u00fa\u010dastnil 23. ro\u010dn\u00edku oce\u0148ov\u00e1n\u00ed nejv\u00fdznamn\u011bj\u0161\u00edch osobnost\u00ed Slovenska za rok 2019 &#8222;Kri\u0161t\u00e1\u013eov\u00e9 kr\u00eddlo&#8220;, v nov\u00e9 budov\u011b Slovensk\u00e9ho n\u00e1rodn\u00edho divadla v Bratislav\u011b.<\/p>\n<p>S organiz\u00e1tory probral mo\u017enosti partnerstv\u00ed na\u0161eho EUROPEAN INSTITUTE Prague na dal\u0161\u00edm ro\u010dn\u00edku a osobn\u011b pogratuloval laure\u00e1t\u016fm 23. ro\u010dn\u00edku cen &#8222;Kri\u0161t\u00e1\u013eov\u00e9 kr\u00eddlo&#8220;.<\/p>\n<p>V\u0161em v\u00edt\u011bz\u016fm srde\u010dn\u011b gratulujeme. <span class=\"text_exposed_show\"><br \/>\nS p. Jurajem Kukurou n\u00e1s spojuje i dlouhodob\u00e1 spolupr\u00e1ce kde na\u0161\u00ed studenti EUROPEAN INSTITUTE Prague mimo jin\u00e9 bonusy z\u00edsk\u00e1vaj\u00ed vstupenky do divadla Ar\u00e9na v Bratislav\u011b. <\/span><\/p>\n<div class=\"text_exposed_show\">\n<p>Ocenenie Kri\u0161t\u00e1\u013eov\u00e9 kr\u00eddlo:<br \/>\nKri\u0161t\u00e1\u013eov\u00e9 kr\u00eddlo je ka\u017edoro\u010dne ude\u013eovan\u00e9 ocenenie osobnostiam na Slovensku, ktor\u00e9 dosiahli vo svojom odvetv\u00ed mimoriadnej odbornosti a \u00faspechu. Ocenenie je ude\u013eovan\u00e9 v r\u00f4znych odvetviach spolo\u010densk\u00e9ho, kult\u00farneho, hospod\u00e1rskeho a verejn\u00e9ho \u017eivota.<\/p>\n<p><a href=\"https:\/\/www.european-institute.cz\/wp-content\/uploads\/2020\/02\/86277759_2441849982792068_5187714679840964608_o.jpg\"><img loading=\"lazy\" decoding=\"async\" class=\"aligncenter size-large wp-image-3123\" src=\"https:\/\/www.european-institute.cz\/wp-content\/uploads\/2020\/02\/86277759_2441849982792068_5187714679840964608_o-1024x768.jpg\" alt=\"\" width=\"940\" height=\"705\" srcset=\"https:\/\/www.european-institute.cz\/wp-content\/uploads\/2020\/02\/86277759_2441849982792068_5187714679840964608_o-1024x768.jpg 1024w, https:\/\/www.european-institute.cz\/wp-content\/uploads\/2020\/02\/86277759_2441849982792068_5187714679840964608_o-300x225.jpg 300w, https:\/\/www.european-institute.cz\/wp-content\/uploads\/2020\/02\/86277759_2441849982792068_5187714679840964608_o-768x576.jpg 768w, https:\/\/www.european-institute.cz\/wp-content\/uploads\/2020\/02\/86277759_2441849982792068_5187714679840964608_o-1536x1152.jpg 1536w, https:\/\/www.european-institute.cz\/wp-content\/uploads\/2020\/02\/86277759_2441849982792068_5187714679840964608_o-800x600.jpg 800w, https:\/\/www.european-institute.cz\/wp-content\/uploads\/2020\/02\/86277759_2441849982792068_5187714679840964608_o.jpg 1728w\" sizes=\"auto, (max-width: 940px) 100vw, 940px\" \/><\/a> <a href=\"https:\/\/www.european-institute.cz\/wp-content\/uploads\/2020\/02\/85224691_2441850266125373_2647496121328336896_o.jpg\"><img loading=\"lazy\" decoding=\"async\" class=\"aligncenter size-large wp-image-3122\" src=\"https:\/\/www.european-institute.cz\/wp-content\/uploads\/2020\/02\/85224691_2441850266125373_2647496121328336896_o-1024x768.jpg\" alt=\"\" width=\"940\" height=\"705\" srcset=\"https:\/\/www.european-institute.cz\/wp-content\/uploads\/2020\/02\/85224691_2441850266125373_2647496121328336896_o-1024x768.jpg 1024w, https:\/\/www.european-institute.cz\/wp-content\/uploads\/2020\/02\/85224691_2441850266125373_2647496121328336896_o-300x225.jpg 300w, https:\/\/www.european-institute.cz\/wp-content\/uploads\/2020\/02\/85224691_2441850266125373_2647496121328336896_o-768x576.jpg 768w, https:\/\/www.european-institute.cz\/wp-content\/uploads\/2020\/02\/85224691_2441850266125373_2647496121328336896_o-1536x1152.jpg 1536w, https:\/\/www.european-institute.cz\/wp-content\/uploads\/2020\/02\/85224691_2441850266125373_2647496121328336896_o-800x600.jpg 800w, https:\/\/www.european-institute.cz\/wp-content\/uploads\/2020\/02\/85224691_2441850266125373_2647496121328336896_o.jpg 1728w\" sizes=\"auto, (max-width: 940px) 100vw, 940px\" \/><\/a> <a href=\"https:\/\/www.european-institute.cz\/wp-content\/uploads\/2020\/02\/85206508_2441849989458734_8823451809264697344_o.jpg\"><img loading=\"lazy\" decoding=\"async\" class=\"aligncenter size-large wp-image-3121\" src=\"https:\/\/www.european-institute.cz\/wp-content\/uploads\/2020\/02\/85206508_2441849989458734_8823451809264697344_o.jpg\" alt=\"\" width=\"720\" height=\"960\" srcset=\"https:\/\/www.european-institute.cz\/wp-content\/uploads\/2020\/02\/85206508_2441849989458734_8823451809264697344_o.jpg 720w, https:\/\/www.european-institute.cz\/wp-content\/uploads\/2020\/02\/85206508_2441849989458734_8823451809264697344_o-225x300.jpg 225w\" sizes=\"auto, (max-width: 720px) 100vw, 720px\" \/><\/a> <a href=\"https:\/\/www.european-institute.cz\/wp-content\/uploads\/2020\/02\/85194508_2441850079458725_3963338036258799616_o.jpg\"><img loading=\"lazy\" decoding=\"async\" class=\"aligncenter size-large wp-image-3120\" src=\"https:\/\/www.european-institute.cz\/wp-content\/uploads\/2020\/02\/85194508_2441850079458725_3963338036258799616_o-1024x768.jpg\" alt=\"\" width=\"940\" height=\"705\" srcset=\"https:\/\/www.european-institute.cz\/wp-content\/uploads\/2020\/02\/85194508_2441850079458725_3963338036258799616_o-1024x768.jpg 1024w, https:\/\/www.european-institute.cz\/wp-content\/uploads\/2020\/02\/85194508_2441850079458725_3963338036258799616_o-300x225.jpg 300w, https:\/\/www.european-institute.cz\/wp-content\/uploads\/2020\/02\/85194508_2441850079458725_3963338036258799616_o-768x576.jpg 768w, https:\/\/www.european-institute.cz\/wp-content\/uploads\/2020\/02\/85194508_2441850079458725_3963338036258799616_o-1536x1152.jpg 1536w, https:\/\/www.european-institute.cz\/wp-content\/uploads\/2020\/02\/85194508_2441850079458725_3963338036258799616_o-800x600.jpg 800w, https:\/\/www.european-institute.cz\/wp-content\/uploads\/2020\/02\/85194508_2441850079458725_3963338036258799616_o.jpg 1728w\" sizes=\"auto, (max-width: 940px) 100vw, 940px\" \/><\/a> <a href=\"https:\/\/www.european-institute.cz\/wp-content\/uploads\/2020\/02\/85063521_2441850069458726_147619988763574272_o.jpg\"><img loading=\"lazy\" decoding=\"async\" class=\"aligncenter size-large wp-image-3119\" src=\"https:\/\/www.european-institute.cz\/wp-content\/uploads\/2020\/02\/85063521_2441850069458726_147619988763574272_o-1024x768.jpg\" alt=\"\" width=\"940\" height=\"705\" srcset=\"https:\/\/www.european-institute.cz\/wp-content\/uploads\/2020\/02\/85063521_2441850069458726_147619988763574272_o-1024x768.jpg 1024w, https:\/\/www.european-institute.cz\/wp-content\/uploads\/2020\/02\/85063521_2441850069458726_147619988763574272_o-300x225.jpg 300w, https:\/\/www.european-institute.cz\/wp-content\/uploads\/2020\/02\/85063521_2441850069458726_147619988763574272_o-768x576.jpg 768w, https:\/\/www.european-institute.cz\/wp-content\/uploads\/2020\/02\/85063521_2441850069458726_147619988763574272_o-1536x1152.jpg 1536w, https:\/\/www.european-institute.cz\/wp-content\/uploads\/2020\/02\/85063521_2441850069458726_147619988763574272_o-800x600.jpg 800w, https:\/\/www.european-institute.cz\/wp-content\/uploads\/2020\/02\/85063521_2441850069458726_147619988763574272_o.jpg 1728w\" sizes=\"auto, (max-width: 940px) 100vw, 940px\" \/><\/a> <a href=\"https:\/\/www.european-institute.cz\/wp-content\/uploads\/2020\/02\/84833396_2441865876123812_5809312635027456_n.jpg\"><img loading=\"lazy\" decoding=\"async\" class=\"aligncenter size-large wp-image-3118\" src=\"https:\/\/www.european-institute.cz\/wp-content\/uploads\/2020\/02\/84833396_2441865876123812_5809312635027456_n.jpg\" alt=\"\" width=\"940\" height=\"600\" srcset=\"https:\/\/www.european-institute.cz\/wp-content\/uploads\/2020\/02\/84833396_2441865876123812_5809312635027456_n.jpg 960w, https:\/\/www.european-institute.cz\/wp-content\/uploads\/2020\/02\/84833396_2441865876123812_5809312635027456_n-300x192.jpg 300w, https:\/\/www.european-institute.cz\/wp-content\/uploads\/2020\/02\/84833396_2441865876123812_5809312635027456_n-768x490.jpg 768w, https:\/\/www.european-institute.cz\/wp-content\/uploads\/2020\/02\/84833396_2441865876123812_5809312635027456_n-800x511.jpg 800w\" sizes=\"auto, (max-width: 940px) 100vw, 940px\" \/><\/a> <a href=\"https:\/\/www.european-institute.cz\/wp-content\/uploads\/2020\/02\/84663775_2441850472792019_5540006670760935424_o.jpg\"><img loading=\"lazy\" decoding=\"async\" class=\"aligncenter size-large wp-image-3117\" src=\"https:\/\/www.european-institute.cz\/wp-content\/uploads\/2020\/02\/84663775_2441850472792019_5540006670760935424_o.jpg\" alt=\"\" width=\"720\" height=\"960\" srcset=\"https:\/\/www.european-institute.cz\/wp-content\/uploads\/2020\/02\/84663775_2441850472792019_5540006670760935424_o.jpg 720w, https:\/\/www.european-institute.cz\/wp-content\/uploads\/2020\/02\/84663775_2441850472792019_5540006670760935424_o-225x300.jpg 225w\" sizes=\"auto, (max-width: 720px) 100vw, 720px\" \/><\/a> <a href=\"https:\/\/www.european-institute.cz\/wp-content\/uploads\/2020\/02\/84598018_2441850432792023_7301933788953575424_o.jpg\"><img loading=\"lazy\" decoding=\"async\" class=\"aligncenter size-large wp-image-3116\" src=\"https:\/\/www.european-institute.cz\/wp-content\/uploads\/2020\/02\/84598018_2441850432792023_7301933788953575424_o-1024x768.jpg\" alt=\"\" width=\"940\" height=\"705\" srcset=\"https:\/\/www.european-institute.cz\/wp-content\/uploads\/2020\/02\/84598018_2441850432792023_7301933788953575424_o-1024x768.jpg 1024w, https:\/\/www.european-institute.cz\/wp-content\/uploads\/2020\/02\/84598018_2441850432792023_7301933788953575424_o-300x225.jpg 300w, https:\/\/www.european-institute.cz\/wp-content\/uploads\/2020\/02\/84598018_2441850432792023_7301933788953575424_o-768x576.jpg 768w, https:\/\/www.european-institute.cz\/wp-content\/uploads\/2020\/02\/84598018_2441850432792023_7301933788953575424_o-1536x1152.jpg 1536w, https:\/\/www.european-institute.cz\/wp-content\/uploads\/2020\/02\/84598018_2441850432792023_7301933788953575424_o-800x600.jpg 800w, https:\/\/www.european-institute.cz\/wp-content\/uploads\/2020\/02\/84598018_2441850432792023_7301933788953575424_o.jpg 1728w\" sizes=\"auto, (max-width: 940px) 100vw, 940px\" \/><\/a> <a href=\"https:\/\/www.european-institute.cz\/wp-content\/uploads\/2020\/02\/84547024_2441850276125372_1845907837797007360_o.jpg\"><img loading=\"lazy\" decoding=\"async\" class=\"aligncenter size-large wp-image-3115\" src=\"https:\/\/www.european-institute.cz\/wp-content\/uploads\/2020\/02\/84547024_2441850276125372_1845907837797007360_o-1024x768.jpg\" alt=\"\" width=\"940\" height=\"705\" srcset=\"https:\/\/www.european-institute.cz\/wp-content\/uploads\/2020\/02\/84547024_2441850276125372_1845907837797007360_o-1024x768.jpg 1024w, https:\/\/www.european-institute.cz\/wp-content\/uploads\/2020\/02\/84547024_2441850276125372_1845907837797007360_o-300x225.jpg 300w, https:\/\/www.european-institute.cz\/wp-content\/uploads\/2020\/02\/84547024_2441850276125372_1845907837797007360_o-768x576.jpg 768w, https:\/\/www.european-institute.cz\/wp-content\/uploads\/2020\/02\/84547024_2441850276125372_1845907837797007360_o-1536x1152.jpg 1536w, https:\/\/www.european-institute.cz\/wp-content\/uploads\/2020\/02\/84547024_2441850276125372_1845907837797007360_o-800x600.jpg 800w, https:\/\/www.european-institute.cz\/wp-content\/uploads\/2020\/02\/84547024_2441850276125372_1845907837797007360_o.jpg 1728w\" sizes=\"auto, (max-width: 940px) 100vw, 940px\" \/><\/a> <a href=\"https:\/\/www.european-institute.cz\/wp-content\/uploads\/2020\/02\/84276489_2441865869457146_7714027263825543168_n.jpg\"><img loading=\"lazy\" decoding=\"async\" class=\"aligncenter size-large wp-image-3114\" src=\"https:\/\/www.european-institute.cz\/wp-content\/uploads\/2020\/02\/84276489_2441865869457146_7714027263825543168_n.jpg\" alt=\"\" width=\"940\" height=\"621\" srcset=\"https:\/\/www.european-institute.cz\/wp-content\/uploads\/2020\/02\/84276489_2441865869457146_7714027263825543168_n.jpg 960w, https:\/\/www.european-institute.cz\/wp-content\/uploads\/2020\/02\/84276489_2441865869457146_7714027263825543168_n-300x198.jpg 300w, https:\/\/www.european-institute.cz\/wp-content\/uploads\/2020\/02\/84276489_2441865869457146_7714027263825543168_n-768x507.jpg 768w, https:\/\/www.european-institute.cz\/wp-content\/uploads\/2020\/02\/84276489_2441865869457146_7714027263825543168_n-800x528.jpg 800w\" sizes=\"auto, (max-width: 940px) 100vw, 940px\" \/><\/a> <a href=\"https:\/\/www.european-institute.cz\/wp-content\/uploads\/2020\/02\/84057965_2441850256125374_4591579648722206720_o.jpg\"><img loading=\"lazy\" decoding=\"async\" class=\"aligncenter size-large wp-image-3113\" src=\"https:\/\/www.european-institute.cz\/wp-content\/uploads\/2020\/02\/84057965_2441850256125374_4591579648722206720_o-1024x768.jpg\" alt=\"\" width=\"940\" height=\"705\" srcset=\"https:\/\/www.european-institute.cz\/wp-content\/uploads\/2020\/02\/84057965_2441850256125374_4591579648722206720_o-1024x768.jpg 1024w, https:\/\/www.european-institute.cz\/wp-content\/uploads\/2020\/02\/84057965_2441850256125374_4591579648722206720_o-300x225.jpg 300w, https:\/\/www.european-institute.cz\/wp-content\/uploads\/2020\/02\/84057965_2441850256125374_4591579648722206720_o-768x576.jpg 768w, https:\/\/www.european-institute.cz\/wp-content\/uploads\/2020\/02\/84057965_2441850256125374_4591579648722206720_o-1536x1152.jpg 1536w, https:\/\/www.european-institute.cz\/wp-content\/uploads\/2020\/02\/84057965_2441850256125374_4591579648722206720_o-800x600.jpg 800w, https:\/\/www.european-institute.cz\/wp-content\/uploads\/2020\/02\/84057965_2441850256125374_4591579648722206720_o.jpg 1728w\" sizes=\"auto, (max-width: 940px) 100vw, 940px\" \/><\/a> <a href=\"https:\/\/www.european-institute.cz\/wp-content\/uploads\/2020\/02\/83886667_2441850462792020_4887671498652778496_o.jpg\"><img loading=\"lazy\" decoding=\"async\" class=\"aligncenter size-large wp-image-3112\" src=\"https:\/\/www.european-institute.cz\/wp-content\/uploads\/2020\/02\/83886667_2441850462792020_4887671498652778496_o.jpg\" alt=\"\" width=\"720\" height=\"960\" srcset=\"https:\/\/www.european-institute.cz\/wp-content\/uploads\/2020\/02\/83886667_2441850462792020_4887671498652778496_o.jpg 720w, https:\/\/www.european-institute.cz\/wp-content\/uploads\/2020\/02\/83886667_2441850462792020_4887671498652778496_o-225x300.jpg 225w\" sizes=\"auto, (max-width: 720px) 100vw, 720px\" \/><\/a> <a href=\"https:\/\/www.european-institute.cz\/wp-content\/uploads\/2020\/02\/83254481_2441850089458724_389434704887021568_o.jpg\"><img loading=\"lazy\" decoding=\"async\" class=\"aligncenter size-full wp-image-3111\" src=\"https:\/\/www.european-institute.cz\/wp-content\/uploads\/2020\/02\/83254481_2441850089458724_389434704887021568_o.jpg\" alt=\"\" width=\"720\" height=\"960\" srcset=\"https:\/\/www.european-institute.cz\/wp-content\/uploads\/2020\/02\/83254481_2441850089458724_389434704887021568_o.jpg 720w, https:\/\/www.european-institute.cz\/wp-content\/uploads\/2020\/02\/83254481_2441850089458724_389434704887021568_o-225x300.jpg 225w\" sizes=\"auto, (max-width: 720px) 100vw, 720px\" \/><\/a><\/p>\n<p>Zdroj:<br \/>\n<a href=\"https:\/\/l.facebook.com\/l.php?u=https%3A%2F%2Fkristalovekridlo.sk%2F%3Ffbclid%3DIwAR0AOJg_eQ9hc-1WqID2lppFxkZjI2Rkmzu05nRStoNUs8CVy25hbG6at8M&amp;h=AT2MscChhixqBqDwGWPokcIT2g2lzbcrsilagple_seY9ACnfGVCGmsWdfAsrQaadXjR-OPIQSfDxM5IX5UizulXgr-bMl57Teh7RDXftOLmYPUO6OapdLNoYGaI2F9YgpRgnPCv4uaqmD-o5uRYuBQIBZ2oeCEEL-7JHCZtdhzfDqEzFepi4iPfTBh7R-WAuNSVY7CXIewmfUtGTsEOwDZfFmtjWm4gATvh8LcKfw08AEqWHgPnMRhfkpwoVyOM_ICuoIFNu0Tkw3ZXzduFQ5NvR4fIaTAQ5qRO7KCDtfYvYzao1fp0_aLFjtlMcHBV59BBp1tuEt-UQS8goSIpPLahD2qtehYGcBmemCQlnN5-KllMIMVxmzl06yqR9Pqmaz0qhWAKudzrTEcw64dTI_WE_rlsrWHWEmc8_It44Z1dtWw64ia4BbX5XT0rddA-8dV76ZSC0UpYOKYbcQlVLbRMYEVBV7eLYh0aWkncYtn5o7FGrzplL10DyfsZGoUd8Hc4d7LZwXLhvIiELtrRouoM89-dYqE5lzAWidmZTXyF1zDAb-KuKCYmUjlyd4Rz2zF5Q9ZexhVnhJHvjcErquBEcSVE4CNGSW3ywODzkv2gT5JH22P1WoFNOymq_3cmLILCU1RtpbCLSe4R1P_rVQZQiDH521VoQndn5vLvZphHMxeqArQFjtp6rikIQ28gWaHz6tHNRR4W0r4cpKxHJF4HMLAWZmGBdtYvRIE0er2BVCYF4NsfkaQu2EQdXkezMnyxPiqhJTuLTAopKlESucmJyeFySKU2-2RLe6eiv5LoJOUMknxn2-eO70XSwldozyn9xmfFz3vSljdD8OWhq0RztM9Fr_89EW2fkIOq9wmpW2UADyvNAFIcLHpaSnr2xHWjj0DAnuJCUxuJGJEX3WJpLCTWdp3nm3sWwbHn\" target=\"_blank\" rel=\"noopener nofollow noreferrer\" data-ft=\"{&quot;tn&quot;:&quot;-U&quot;}\" data-lynx-mode=\"origin\">https:\/\/kristalovekridlo.sk\/<\/a><\/p>\n<p><a href=\"https:\/\/l.facebook.com\/l.php?u=https%3A%2F%2Fwww.divadloarena.sk%2F%3Ffbclid%3DIwAR0cX2bAY4_Dg-AkWU-ZrT7yIg0vHL0M4ZD5w7FIbc6QspfE_f6XHTxdcic&amp;h=AT3Ld0ybCYyrnnggu6w4Cn_6EoAYr7ii6cOhDDYuuhQJpzWtibk8bcjQOrNVusZg6NTh_JU1IjHTgiCS07T2TyQb-N6cu0veiowS_oM32jYvfwAb0GGL_lAxzIiXDu7F6dlxy8h_KuXYxePOdbais9yKkFuyS65H_EVoDmAUbctvHw7RbXTa0LHWwh6IkRIGg_xiR0A0AhGNdXa59sNsD6DkNJtm4f5k7H9qMwZrANOqQYiBwPiDIB61VgpzYnl912Tzg5JtIrCOaxqSSy-IIlNY7XsM2V3IQcDN_1bAN7ooB0q-arI0UZ0-NQ4fBUwSo2L0_hX-fRpn2r0F2VALQrr_KgR0Rq72De0i4rRY6PLUuZNJ9ilhx8o2MhJCy7GSxtVgRXSi3oFsstZXb07uLEE0HWexmwHUt52vb5NCjJD7RhyaKqcESXztjxotOkNp_SCAS5h9MJ8qwGxns9Qfvk--vNacj96uN4ErJXLAeBzDT3bvdKt5kgEvozp-jZxjZAMlVxizG-FXZd1ZJQAqBVBgks1E3aj52it32qnfGC9nWTyvcLV5bVwiCTTQivYjJxmOpDxZko1GzG4pUhQtrau3GL1Jx84dBhML8Y4kf_9FemUkHlgQYcPT55-Ch4IW_cCZ1tfHVhRwrZvNMxuWR-BNIGnJIT6N1JEnNv5amebVZkwAOHvkP7plsNVsI16NappLquJhyX04cZKzdMconw49YlKVrJxDhN0M3vDfqgFNE1d3QncNLUV8O-wXyg4Ia1D2uKUjYh_8SJ_2CODYPV79Y4Bx2UVn64u-LdtOzbkAR-R124P2x7dZwcdeLCfimJXzVL3xqTz_A2wwucDU42sd4TysZ9IulE7QMOll7uKT5fbrzdBGaVyGH7YUm51AUL2ElJC8vzHeC5GvT1C5qZRZtMBX1E0RPhynbwc_\" target=\"_blank\" rel=\"noopener nofollow noreferrer\" data-ft=\"{&quot;tn&quot;:&quot;-U&quot;}\" data-lynx-mode=\"origin\">https:\/\/www.divadloarena.sk\/<\/a><\/p>\n<p><a href=\"https:\/\/l.facebook.com\/l.php?u=https%3A%2F%2Fwww.european-institute.cz%2F%3Ffbclid%3DIwAR09MNYYYSCCerz30bY72nt9fIotbdsFOCgO-ddIqj428swtK4D-HRFjjEo&amp;h=AT1zcH1rfqP39KNAngpew4HZN2Pvp1M7LdhhgSigfb6rgfSe1n2rLx1YZl6IkKiJt119V5tgCKN225TZ-eFgtqs3K9wZH9p9KKPiAY1zg25FZVPxLzyUF-UZSIsWFTJJsFdURt2T6XwTIYKeFbWw8Xh9XvZpMY-CtN9c2HP-R8giyOeZ6ijSE05XoOtfRwQJ9r9VNFDmvNxK9wHyn2eLgqF5d4i08A7L9Tr-TIqfOxoM9n5Jpv94ZZWHeEeZCw1X9619OYK5iF_sPf5WiW0X6wDHXl6-il_dgH4au69ETdnsEBiRlpNXQen0errBlJZdvVULduGYIeHzM_JEpy8TTws8Md6OAJbHbh2UhDzC_-SOATpk9RFSOpu1pD_VGRvgEh-LIZVKD2icLBXyFZApQccS5Sw1wK9p4QSC7IT1ZWZGMnwG0BjGAlsf7Nb7sflSS0_86VuK3Nh1O_WDEU2MOEWhLKfSzOOMkt-VD38RJ0GcyI4DswgeRY3V1c1KynIldll9lUEpTIayR9XZJejBC_SlK6O0TjOVfnMxHNVY2dVRXajeWDp__wfnxdZFi5knWwVdwAEYHn6F8q-giRpo_LGVagcbXXd3hO3k0qZULWi1XQ16JRsdWzNBokFcCjHujQ8CIokVoVcp1IB-JjQDRsXXyiV1YB7EhkNsQlwbyp28JliCi4IlV8bWavsqnVvektXx-UvdoJjHbGcDQH0mrkgXiar2geM3pcONwIwJMwH-h6W4Racfu0XvlmFlpTBFD8V2Ul8UosLzDTKw3KEb8h3fnRgNDH4ezxxR0rTDEV1EZet10Etmgm1_hoFCMxBNzO0E6UUkS0Yy6lHaBkkmMFog5-0n9RUeW9OZr0NIopKNoWQvw9iUYbX2b3GqpXh1hYXCX5bMRElT-7r37x58EHSTqnHUIqRar4ZGOU05\" target=\"_blank\" rel=\"noopener nofollow noreferrer\" data-ft=\"{&quot;tn&quot;:&quot;-U&quot;}\" data-lynx-mode=\"origin\">https:\/\/www.european-institute.cz\/<\/a><\/p>\n<p><a href=\"https:\/\/l.facebook.com\/l.php?u=https%3A%2F%2Fwww.rtvs.sk%2Ftelevizia%2Farchiv%2F15296%2F212329%3Ffbclid%3DIwAR3k5i_WPa9P4JJlTEmIjsRgoP0qhySxbz720nWC5SEmpeux8_DJtuILWnM&amp;h=AT2j-wZ7w9efk_tmfq8o-25_OA7AfiLuiRZh8qNYpxnBmZMx3hYuRc68eVxJBAjB2XlY2GWB1Ei2QBXIw-6iMX5wOcDefRMCiiRSo62OYt3l5Rr7G8FN5ANz5clXKxbTBGEAZjkGfHrQqnbYcF7zKn_6TJFc33l-12JuTXR5WhbSd5YHjjiYCdZ16YbRl4cERPv-xr5QKgxD_SZFvMFJlPxblEv23DKgN2cg7CVlo9ZdjrMxIpYRweM9EDdRNjwznflvm-XUdTaJjrqzP7be1Wj9-ctYOj1PUmCurVCMpB83usNFIUFqLwHQK3fa26wu745BoDboZYINDvucJfsl7G7lcxjP6JbpR4dNIFJysn7ZtiFHbB8cs3Ea3G9Xok0nIEYsNfDO4sNOJlTXBoHW8X-ly3F7e_XgADr4q7GF-FyKBzrw-DEmvYppehJrLOAzOqWQG3-YK5vqptfSSY0Q_ChY7LDm_vkCz3k3fdgrRInKCMw9yh6B9vUaZtbd-FIITcp8583jdm8V-kK7Gv2gh6xGDwTmA4_OfeEY3Emm6S0CR5r9PtGyiM9cp6SeGo5ZRiGa9D2bH7c4mz-DcXoQPs9jAz-PVqVfD0rI7G__pldsXyl89yD7dtsHNRNYSkdIKn9IQDPADk6kYniGSvgLOYwlliDLB_vHpV7wcgbr0s2OYpx6xhV3t9xPMjSf_an8XKZVk4MRXqaqo8_8dtYZFQxNAsmK_CAPPOEnBoT9Y6bNt3bZw9Xy_wpCUSx4ozCj3bWjCxyVI3fICf2bmHuEPiBaz2vnEqFXKw8KG3sb0usPEgc0_nVCGaBHbYXyyFhtvJCeXy8PFt_HrrdSOMIpUv3V9yS10SJ__LM4P9beC8voQXrcMzzsfpeRxJAPYHJcchlsJn_oL5Z5mWQf87ztU7IIppcdF0u23wT2xBAQ\" target=\"_blank\" rel=\"noopener nofollow noreferrer\" data-ft=\"{&quot;tn&quot;:&quot;-U&quot;}\" data-lynx-mode=\"origin\">https:\/\/www.rtvs.sk\/televizia\/archiv\/15296\/212329<\/a><\/p>\n<p><a href=\"https:\/\/www.webnoviny.sk\/kristalove-kridlo-si-odniesli-kukura-aj-vlhova-mimoriadnu-cenu-udelili-dvom-osobnostiam-foto\/?fbclid=IwAR0KKrAHqXKgu9IAt5-B-g5kQJ9evzbIH3RLcG5L74Gy7DDaC0iUPeRwHAw\" target=\"_blank\" rel=\"noopener nofollow noreferrer\" data-ft=\"{&quot;tn&quot;:&quot;-U&quot;}\" data-lynx-mode=\"origin\" data-lynx-uri=\"https:\/\/l.facebook.com\/l.php?u=https%3A%2F%2Fwww.webnoviny.sk%2Fkristalove-kridlo-si-odniesli-kukura-aj-vlhova-mimoriadnu-cenu-udelili-dvom-osobnostiam-foto%2F%3Ffbclid%3DIwAR0KKrAHqXKgu9IAt5-B-g5kQJ9evzbIH3RLcG5L74Gy7DDaC0iUPeRwHAw&amp;h=AT0PksfZ5eIPrzWwJpMwDtRwv3TaY53IcZfPgqeRRek-c6IVAWLtSgoJc1qe_2yv2T43bOguvi1ZnIROgf7sTPWBcu0WwAWKsqD3pylfX5HbTc-_TyUIGfO5csyODkt4aC0rZnZ9W_FHH_CgmCUawwIP_yyHuttdjB4LVgZxSqBk-Qcw3xzqfdO4c631QfO17psFDsz4-m5Olv0T5e9vPAiZLbdq-xEGG32QzzedKm2uEmux8bdAS7SVzi4dCsHYf21bIcL0M5yevpc5h7h33E5U1kMzp7lZCbpZBHxfVVDCTHfxWl5zZPIqxS1vs1JDRvH6223Ioz3-LmD7f-mJ2Pks0P8-C5E8GIuCa1yoK_xpu2UQbsQQn37q1G5VEzZVcGLRFogNWCKGsto7MTc2f2WU0ugDHSw6GcvlCSd-ZI3uD9M-HYkPnIezW0GscJx6lq59LfKFook75vtZB-hAQ_P3_QzLpcCEbT-k-a08vMCXu50cw9oouVIB9QwGi_b16dlCrTDJ7UBfuJ2oENXDmEbd2kEIes9G7eOokM4l299C3LSl0RQR6Q4IzTj0pS92PYKhZD4ultBUeHm7XH3XjyfACdmyL1Ruq1X09QbzO-xl0Ci3LTPf12FdxszqpFN5cQkIFV3dAv2CC8DyPB4_8GvoZUp6PCefL4TjiMNZM-YSCNXRSeSnmOpRdkgQib1wv9FQqgIpGaJsNJnaAHgj8qVO-lW9Wo89DYwvWGWa3esmxsYJyUbr0Q66IGoqBXuB3bdqGpCzUu6HycxkNScd-pZRHpwzWxnD_eUBAAmFOrK5DogLb2uTLTV87-0LYVxIPPEaAXuG40oCW9C91JwYd6h4aJpbmFRvD_v041pphPySnGmUJ8WTN17d91wSIqn17s0n2FXFHymhexMBgCis_rbB68HX8ID8hwNLk6kw\">https:\/\/www.webnoviny.sk\/kristalove-kridlo-si-odniesli-kuk\u2026\/<\/a><\/p>\n<p><a href=\"https:\/\/l.facebook.com\/l.php?u=https%3A%2F%2Fdomov.sme.sk%2Fc%2F22321922%2Fkristalove-kridlo-2019-ziskali-griglak-vlhova-aj-martausova.html%3Ffbclid%3DIwAR2vDY_k_8yxi_P6QE1QhR2O2f8T8iPtzNicCJbwDF_mmq2k4bXK1uiNd78&amp;h=AT0b8NeOn-rLX8CATvskIuSaoNnOmlaT6HZudwUJcQD2upb9XNei8nj0ezai9-sIjl7R8ga1sP6E20bdqbjk0x0I4jFZYzF2aypKxhJLtxP42ZVK7D6-xhpXdnCoWxx-YLyF5h4vabfTRuZiZ6FAtzHaleUklaV3kz0BaTgDH-y6bbydhWIEB7cDUNt346NfxPzNCc43Zz5tXB4eI6ffaRgZUkcl13joI37rpG8Oj1-tsrqkA30PCpR6TLiT8xknWxD-t_v92lL9ypSxK7v0xEay71iBSiMOPbIUtrDd2a1i_vcJolfiVXeMrz207FOQsgh0lB_kh8EtzeXYfNC00WSO8Wf89d3-MIkVi9VnqgGTe2WQKHTOJzIH-_k6zjMqEDaIxKZMuGJYvyiqyT7S_gqBFT8AZjP2CQMxjrx-A2kayPkce3f-gRLNjfA-U8E46AdEwuNOR6sAJcd1jyfXJSOAIYa3LkZg5t_LCg7qx_HJGY7Lj47XTdcteXgTPzGp3sFjeeCelJE0iq5Vfg4br5QlBbdrsZ-tG6hMQFPi9B-aSb5-l22Q-R1-A2jkil8HLowuelWhH2pIJtJoLM-k0-pJg9nRY52i9m3I-ibZwL-xL5AMEQvtapfr57H1aJuq5XdPGZzNQG9zD21KNce8ofIq02vI6DAXNV3LfQZtZOw2UtYFZf4j2Zk07XERqkqTMMrsbRkD5YSO74n95YIgtVoQd6yquAA-E-Z7wdwbHZ9-0CrzkBF07ckEyOxhHOk47CUz8DZJCLSi7S4BjpbNWRfLzThnQqh7scmneZKr6PupVbSwkR3Tyrk3UYaSVC2kqseBJRJuswXV8q1xN0xI0DMvHr2pGoCc-_-kz_rb-PuEYDHm_bVtviSQGx9f3PGHH8UuL5dXx_kkuXIHFC_WXXED-tbyeHCkEYooVBI5\" target=\"_blank\" rel=\"noopener nofollow noreferrer\" data-ft=\"{&quot;tn&quot;:&quot;-U&quot;}\" data-lynx-mode=\"origin\">https:\/\/domov.sme.sk\/\u2026\/kristalove-kridlo-2019-ziskali-grigl\u2026<\/a><\/p>\n<\/div>","protected":false},"excerpt":{"rendered":"<p>Majitel EUROPEAN INSTITUTE Prague a poslanec Ko\u0161ic, pan Ing. Vladislav Stanko, MBA, LL.M. se dne 9.2.2020 osobn\u011b z\u00fa\u010dastnil 23. ro\u010dn\u00edku oce\u0148ov\u00e1n\u00ed nejv\u00fdznamn\u011bj\u0161\u00edch osobnost\u00ed Slovenska za rok 2019 &#8222;Kri\u0161t\u00e1\u013eov\u00e9 kr\u00eddlo&#8220;, v nov\u00e9 budov\u011b Slovensk\u00e9ho n\u00e1rodn\u00edho divadla v Bratislav\u011b. S organiz\u00e1tory probral &#8230;<\/p>","protected":false},"author":1,"featured_media":3120,"comment_status":"open","ping_status":"open","sticky":false,"template":"","format":"standard","meta":{"footnotes":""},"categories":[4],"tags":[],"class_list":["post-3110","post","type-post","status-publish","format-standard","has-post-thumbnail","hentry","category-novinky"],"yoast_head":"<!-- This site is optimized with the Yoast SEO plugin v24.7 - https:\/\/yoast.com\/wordpress\/plugins\/seo\/ -->\n<title>Vladislav Stanko on the 23rd Crystal Wing Awards Ceremony - EUROPEAN INSTITUTE<\/title>\n<meta name=\"robots\" content=\"index, follow, max-snippet:-1, max-image-preview:large, max-video-preview:-1\" \/>\n<link rel=\"canonical\" href=\"https:\/\/www.european-institute.cz\/en\/vladislav-stanko-on-the-23rd-crystal-wing-awards-ceremony\/\" \/>\n<meta property=\"og:locale\" content=\"en_GB\" \/>\n<meta property=\"og:type\" content=\"article\" \/>\n<meta property=\"og:title\" content=\"Vladislav Stanko on the 23rd Crystal Wing Awards Ceremony - EUROPEAN INSTITUTE\" \/>\n<meta property=\"og:description\" content=\"Majitel EUROPEAN INSTITUTE Prague a poslanec Ko\u0161ic, pan Ing. Vladislav Stanko, MBA, LL.M. se dne 9.2.2020 osobn\u011b z\u00fa\u010dastnil 23. ro\u010dn\u00edku oce\u0148ov\u00e1n\u00ed nejv\u00fdznamn\u011bj\u0161\u00edch osobnost\u00ed Slovenska za rok 2019 &#8222;Kri\u0161t\u00e1\u013eov\u00e9 kr\u00eddlo&#8220;, v nov\u00e9 budov\u011b Slovensk\u00e9ho n\u00e1rodn\u00edho divadla v Bratislav\u011b. S organiz\u00e1tory probral ...\" \/>\n<meta property=\"og:url\" content=\"https:\/\/www.european-institute.cz\/en\/vladislav-stanko-on-the-23rd-crystal-wing-awards-ceremony\/\" \/>\n<meta property=\"og:site_name\" content=\"EUROPEAN INSTITUTE\" \/>\n<meta property=\"article:published_time\" content=\"2020-02-05T17:58:38+00:00\" \/>\n<meta property=\"article:modified_time\" content=\"2020-02-12T17:58:51+00:00\" \/>\n<meta property=\"og:image\" content=\"https:\/\/www.european-institute.cz\/wp-content\/uploads\/2020\/02\/85194508_2441850079458725_3963338036258799616_o.jpg\" \/>\n\t<meta property=\"og:image:width\" content=\"1728\" \/>\n\t<meta property=\"og:image:height\" content=\"1296\" \/>\n\t<meta property=\"og:image:type\" content=\"image\/jpeg\" \/>\n<meta name=\"author\" content=\"EUI\" \/>\n<meta name=\"twitter:card\" content=\"summary_large_image\" \/>\n<meta name=\"twitter:label1\" content=\"Written by\" \/>\n\t<meta name=\"twitter:data1\" content=\"EUI\" \/>\n\t<meta name=\"twitter:label2\" content=\"Estimated reading time\" \/>\n\t<meta name=\"twitter:data2\" content=\"1 minute\" \/>\n<script type=\"application\/ld+json\" class=\"yoast-schema-graph\">{\"@context\":\"https:\/\/schema.org\",\"@graph\":[{\"@type\":\"WebPage\",\"@id\":\"https:\/\/www.european-institute.cz\/en\/vladislav-stanko-on-the-23rd-crystal-wing-awards-ceremony\/\",\"url\":\"https:\/\/www.european-institute.cz\/en\/vladislav-stanko-on-the-23rd-crystal-wing-awards-ceremony\/\",\"name\":\"Vladislav Stanko on the 23rd Crystal Wing Awards Ceremony - EUROPEAN INSTITUTE\",\"isPartOf\":{\"@id\":\"https:\/\/www.european-institute.cz\/#website\"},\"primaryImageOfPage\":{\"@id\":\"https:\/\/www.european-institute.cz\/en\/vladislav-stanko-on-the-23rd-crystal-wing-awards-ceremony\/#primaryimage\"},\"image\":{\"@id\":\"https:\/\/www.european-institute.cz\/en\/vladislav-stanko-on-the-23rd-crystal-wing-awards-ceremony\/#primaryimage\"},\"thumbnailUrl\":\"https:\/\/www.european-institute.cz\/wp-content\/uploads\/2020\/02\/85194508_2441850079458725_3963338036258799616_o.jpg\",\"datePublished\":\"2020-02-05T17:58:38+00:00\",\"dateModified\":\"2020-02-12T17:58:51+00:00\",\"author\":{\"@id\":\"https:\/\/www.european-institute.cz\/#\/schema\/person\/b01cb719ea8f636e022294fcca0a67c4\"},\"breadcrumb\":{\"@id\":\"https:\/\/www.european-institute.cz\/en\/vladislav-stanko-on-the-23rd-crystal-wing-awards-ceremony\/#breadcrumb\"},\"inLanguage\":\"en-GB\",\"potentialAction\":[{\"@type\":\"ReadAction\",\"target\":[\"https:\/\/www.european-institute.cz\/en\/vladislav-stanko-on-the-23rd-crystal-wing-awards-ceremony\/\"]}]},{\"@type\":\"ImageObject\",\"inLanguage\":\"en-GB\",\"@id\":\"https:\/\/www.european-institute.cz\/en\/vladislav-stanko-on-the-23rd-crystal-wing-awards-ceremony\/#primaryimage\",\"url\":\"https:\/\/www.european-institute.cz\/wp-content\/uploads\/2020\/02\/85194508_2441850079458725_3963338036258799616_o.jpg\",\"contentUrl\":\"https:\/\/www.european-institute.cz\/wp-content\/uploads\/2020\/02\/85194508_2441850079458725_3963338036258799616_o.jpg\",\"width\":1728,\"height\":1296},{\"@type\":\"BreadcrumbList\",\"@id\":\"https:\/\/www.european-institute.cz\/en\/vladislav-stanko-on-the-23rd-crystal-wing-awards-ceremony\/#breadcrumb\",\"itemListElement\":[{\"@type\":\"ListItem\",\"position\":1,\"name\":\"Dom\u016f\",\"item\":\"https:\/\/www.european-institute.cz\/\"},{\"@type\":\"ListItem\",\"position\":2,\"name\":\"Vladislav Stanko on the 23rd Crystal Wing Awards Ceremony\"}]},{\"@type\":\"WebSite\",\"@id\":\"https:\/\/www.european-institute.cz\/#website\",\"url\":\"https:\/\/www.european-institute.cz\/\",\"name\":\"EUROPEAN INSTITUTE\",\"description\":\"\",\"potentialAction\":[{\"@type\":\"SearchAction\",\"target\":{\"@type\":\"EntryPoint\",\"urlTemplate\":\"https:\/\/www.european-institute.cz\/?s={search_term_string}\"},\"query-input\":{\"@type\":\"PropertyValueSpecification\",\"valueRequired\":true,\"valueName\":\"search_term_string\"}}],\"inLanguage\":\"en-GB\"},{\"@type\":\"Person\",\"@id\":\"https:\/\/www.european-institute.cz\/#\/schema\/person\/b01cb719ea8f636e022294fcca0a67c4\",\"name\":\"EUI\",\"url\":\"https:\/\/www.european-institute.cz\/en\/author\/eui\/\"}]}<\/script>\n<!-- \/ Yoast SEO plugin. -->","yoast_head_json":{"title":"Vladislav Stanko on the 23rd Crystal Wing Awards Ceremony - EUROPEAN INSTITUTE","robots":{"index":"index","follow":"follow","max-snippet":"max-snippet:-1","max-image-preview":"max-image-preview:large","max-video-preview":"max-video-preview:-1"},"canonical":"https:\/\/www.european-institute.cz\/en\/vladislav-stanko-on-the-23rd-crystal-wing-awards-ceremony\/","og_locale":"en_GB","og_type":"article","og_title":"Vladislav Stanko on the 23rd Crystal Wing Awards Ceremony - EUROPEAN INSTITUTE","og_description":"Majitel EUROPEAN INSTITUTE Prague a poslanec Ko\u0161ic, pan Ing. Vladislav Stanko, MBA, LL.M. se dne 9.2.2020 osobn\u011b z\u00fa\u010dastnil 23. ro\u010dn\u00edku oce\u0148ov\u00e1n\u00ed nejv\u00fdznamn\u011bj\u0161\u00edch osobnost\u00ed Slovenska za rok 2019 &#8222;Kri\u0161t\u00e1\u013eov\u00e9 kr\u00eddlo&#8220;, v nov\u00e9 budov\u011b Slovensk\u00e9ho n\u00e1rodn\u00edho divadla v Bratislav\u011b. S organiz\u00e1tory probral ...","og_url":"https:\/\/www.european-institute.cz\/en\/vladislav-stanko-on-the-23rd-crystal-wing-awards-ceremony\/","og_site_name":"EUROPEAN INSTITUTE","article_published_time":"2020-02-05T17:58:38+00:00","article_modified_time":"2020-02-12T17:58:51+00:00","og_image":[{"width":1728,"height":1296,"url":"https:\/\/www.european-institute.cz\/wp-content\/uploads\/2020\/02\/85194508_2441850079458725_3963338036258799616_o.jpg","type":"image\/jpeg"}],"author":"EUI","twitter_card":"summary_large_image","twitter_misc":{"Written by":"EUI","Estimated reading time":"1 minute"},"schema":{"@context":"https:\/\/schema.org","@graph":[{"@type":"WebPage","@id":"https:\/\/www.european-institute.cz\/en\/vladislav-stanko-on-the-23rd-crystal-wing-awards-ceremony\/","url":"https:\/\/www.european-institute.cz\/en\/vladislav-stanko-on-the-23rd-crystal-wing-awards-ceremony\/","name":"Vladislav Stanko on the 23rd Crystal Wing Awards Ceremony - EUROPEAN INSTITUTE","isPartOf":{"@id":"https:\/\/www.european-institute.cz\/#website"},"primaryImageOfPage":{"@id":"https:\/\/www.european-institute.cz\/en\/vladislav-stanko-on-the-23rd-crystal-wing-awards-ceremony\/#primaryimage"},"image":{"@id":"https:\/\/www.european-institute.cz\/en\/vladislav-stanko-on-the-23rd-crystal-wing-awards-ceremony\/#primaryimage"},"thumbnailUrl":"https:\/\/www.european-institute.cz\/wp-content\/uploads\/2020\/02\/85194508_2441850079458725_3963338036258799616_o.jpg","datePublished":"2020-02-05T17:58:38+00:00","dateModified":"2020-02-12T17:58:51+00:00","author":{"@id":"https:\/\/www.european-institute.cz\/#\/schema\/person\/b01cb719ea8f636e022294fcca0a67c4"},"breadcrumb":{"@id":"https:\/\/www.european-institute.cz\/en\/vladislav-stanko-on-the-23rd-crystal-wing-awards-ceremony\/#breadcrumb"},"inLanguage":"en-GB","potentialAction":[{"@type":"ReadAction","target":["https:\/\/www.european-institute.cz\/en\/vladislav-stanko-on-the-23rd-crystal-wing-awards-ceremony\/"]}]},{"@type":"ImageObject","inLanguage":"en-GB","@id":"https:\/\/www.european-institute.cz\/en\/vladislav-stanko-on-the-23rd-crystal-wing-awards-ceremony\/#primaryimage","url":"https:\/\/www.european-institute.cz\/wp-content\/uploads\/2020\/02\/85194508_2441850079458725_3963338036258799616_o.jpg","contentUrl":"https:\/\/www.european-institute.cz\/wp-content\/uploads\/2020\/02\/85194508_2441850079458725_3963338036258799616_o.jpg","width":1728,"height":1296},{"@type":"BreadcrumbList","@id":"https:\/\/www.european-institute.cz\/en\/vladislav-stanko-on-the-23rd-crystal-wing-awards-ceremony\/#breadcrumb","itemListElement":[{"@type":"ListItem","position":1,"name":"Dom\u016f","item":"https:\/\/www.european-institute.cz\/"},{"@type":"ListItem","position":2,"name":"Vladislav Stanko on the 23rd Crystal Wing Awards Ceremony"}]},{"@type":"WebSite","@id":"https:\/\/www.european-institute.cz\/#website","url":"https:\/\/www.european-institute.cz\/","name":"EUROPEAN INSTITUTE","description":"","potentialAction":[{"@type":"SearchAction","target":{"@type":"EntryPoint","urlTemplate":"https:\/\/www.european-institute.cz\/?s={search_term_string}"},"query-input":{"@type":"PropertyValueSpecification","valueRequired":true,"valueName":"search_term_string"}}],"inLanguage":"en-GB"},{"@type":"Person","@id":"https:\/\/www.european-institute.cz\/#\/schema\/person\/b01cb719ea8f636e022294fcca0a67c4","name":"EUI","url":"https:\/\/www.european-institute.cz\/en\/author\/eui\/"}]}},"_links":{"self":[{"href":"https:\/\/www.european-institute.cz\/en\/wp-json\/wp\/v2\/posts\/3110","targetHints":{"allow":["GET"]}}],"collection":[{"href":"https:\/\/www.european-institute.cz\/en\/wp-json\/wp\/v2\/posts"}],"about":[{"href":"https:\/\/www.european-institute.cz\/en\/wp-json\/wp\/v2\/types\/post"}],"author":[{"embeddable":true,"href":"https:\/\/www.european-institute.cz\/en\/wp-json\/wp\/v2\/users\/1"}],"replies":[{"embeddable":true,"href":"https:\/\/www.european-institute.cz\/en\/wp-json\/wp\/v2\/comments?post=3110"}],"version-history":[{"count":1,"href":"https:\/\/www.european-institute.cz\/en\/wp-json\/wp\/v2\/posts\/3110\/revisions"}],"predecessor-version":[{"id":3124,"href":"https:\/\/www.european-institute.cz\/en\/wp-json\/wp\/v2\/posts\/3110\/revisions\/3124"}],"wp:featuredmedia":[{"embeddable":true,"href":"https:\/\/www.european-institute.cz\/en\/wp-json\/wp\/v2\/media\/3120"}],"wp:attachment":[{"href":"https:\/\/www.european-institute.cz\/en\/wp-json\/wp\/v2\/media?parent=3110"}],"wp:term":[{"taxonomy":"category","embeddable":true,"href":"https:\/\/www.european-institute.cz\/en\/wp-json\/wp\/v2\/categories?post=3110"},{"taxonomy":"post_tag","embeddable":true,"href":"https:\/\/www.european-institute.cz\/en\/wp-json\/wp\/v2\/tags?post=3110"}],"curies":[{"name":"wp","href":"https:\/\/api.w.org\/{rel}","templated":true}]}}