{"id":312,"date":"2018-03-11T08:17:04","date_gmt":"2018-03-11T08:17:04","guid":{"rendered":"http:\/\/www.european-institute.cz\/?p=312"},"modified":"2018-03-11T08:17:04","modified_gmt":"2018-03-11T08:17:04","slug":"25-cesky-lev","status":"publish","type":"post","link":"https:\/\/www.european-institute.cz\/en\/25-cesky-lev\/","title":{"rendered":"25. \u010cesk\u00fd Lev"},"content":{"rendered":"<p>Presti\u017en\u00ed cena \u010cesk\u00fd lev, ud\u011blovan\u00e1 ka\u017edoro\u010dn\u011b \u010ceskou filmovou a televizn\u00ed akademi\u00ed, oslavila v tomto roce jubileum. V sobotu 10. b\u0159ezna 2018 prob\u011bhl ve Dvo\u0159\u00e1kov\u011b s\u00edni pra\u017esk\u00e9ho Rudolfina ji\u017e 25. ro\u010dn\u00edk slavnostn\u00edho p\u0159ed\u00e1v\u00e1n\u00ed cen. Jednatel EUROPEAN INSTITUTE p. Ing, Vladislav Stanko, MBA, se z\u00fa\u010dastnil slavnostn\u00edho p\u0159ed\u00e1v\u00e1n\u00ed cen \u010cesk\u00fd lev a osobn\u011b pogratuloval v\u00edt\u011bz\u016fm hlavn\u00ed \u017eensk\u00e9 a hlavn\u00ed mu\u017esk\u00e9 kategorie p\u00ed. Zuzan\u011b Kronerov\u00e9 a Pavlu Nov\u00e9mu. Oba ji\u017e v p\u0159edstihu srde\u010dn\u011b pozval na Oslavu st\u00e1tn\u00edho sv\u00e1tku \u010cSR, kter\u00e1 prob\u011bhne 28.10.2018 v Slovensk\u00e9m dom\u011b v Praze, v Muzeu TGM v L\u00e1nech a v Divadle SEMAFOR p\u0159\u00ed p\u0159\u00edle\u017eitosti 100. v\u00fdro\u010d\u00ed vzniku 1. \u010ceskoslovensk\u00e9 republiky. So\u0161ky \u010cesk\u00e9ho lva letos dostaly novou podobu. Ve\u010derem prov\u00e1zela slovensk\u00e1 moder\u00e1torka Adela Vinczeov\u00e1. <\/p>\n<figure id=\"attachment_318\" aria-describedby=\"caption-attachment-318\" style=\"width: 640px\" class=\"wp-caption alignnone\"><img loading=\"lazy\" decoding=\"async\" src=\"http:\/\/testovanie.balonovekytice.sk\/wp-content\/uploads\/2018\/03\/Zdenek-Sverak_Vladislav-Stanko-1024x572.jpg\" alt=\"Zden\u011bk Sv\u011br\u00e1k a Vladislav Stanko\" width=\"640\" height=\"358\" class=\"size-large wp-image-318\" srcset=\"https:\/\/www.european-institute.cz\/wp-content\/uploads\/2018\/03\/Zdenek-Sverak_Vladislav-Stanko-1024x572.jpg 1024w, https:\/\/www.european-institute.cz\/wp-content\/uploads\/2018\/03\/Zdenek-Sverak_Vladislav-Stanko-300x168.jpg 300w, https:\/\/www.european-institute.cz\/wp-content\/uploads\/2018\/03\/Zdenek-Sverak_Vladislav-Stanko-768x429.jpg 768w, https:\/\/www.european-institute.cz\/wp-content\/uploads\/2018\/03\/Zdenek-Sverak_Vladislav-Stanko-800x447.jpg 800w, https:\/\/www.european-institute.cz\/wp-content\/uploads\/2018\/03\/Zdenek-Sverak_Vladislav-Stanko.jpg 1224w\" sizes=\"auto, (max-width: 640px) 100vw, 640px\" \/><figcaption id=\"caption-attachment-318\" class=\"wp-caption-text\">Zden\u011bk Sv\u011br\u00e1k a Vladislav Stanko<\/figcaption><\/figure>\n<figure id=\"attachment_317\" aria-describedby=\"caption-attachment-317\" style=\"width: 640px\" class=\"wp-caption alignnone\"><img loading=\"lazy\" decoding=\"async\" src=\"http:\/\/testovanie.balonovekytice.sk\/wp-content\/uploads\/2018\/03\/Adela-Vinczeova_Vladislav-Stanko-1024x572.jpg\" alt=\"\" width=\"640\" height=\"358\" class=\"size-large wp-image-317\" srcset=\"https:\/\/www.european-institute.cz\/wp-content\/uploads\/2018\/03\/Adela-Vinczeova_Vladislav-Stanko-1024x572.jpg 1024w, https:\/\/www.european-institute.cz\/wp-content\/uploads\/2018\/03\/Adela-Vinczeova_Vladislav-Stanko-300x168.jpg 300w, https:\/\/www.european-institute.cz\/wp-content\/uploads\/2018\/03\/Adela-Vinczeova_Vladislav-Stanko-768x429.jpg 768w, https:\/\/www.european-institute.cz\/wp-content\/uploads\/2018\/03\/Adela-Vinczeova_Vladislav-Stanko-800x447.jpg 800w, https:\/\/www.european-institute.cz\/wp-content\/uploads\/2018\/03\/Adela-Vinczeova_Vladislav-Stanko.jpg 1224w\" sizes=\"auto, (max-width: 640px) 100vw, 640px\" \/><figcaption id=\"caption-attachment-317\" class=\"wp-caption-text\">Adela Vinczeov\u00e1 a Vladislav Stanko<\/figcaption><\/figure>\n<p>Zdroj:<br \/>\n<a href=\"https:\/\/www.european-institute.cz\/en\/\">european-institute.cz<\/a><br \/>\n<a href=\"http:\/\/filmovaakademie.cz\/\">filmovaakademie.cz<\/a><br \/>\n<a href=\"https:\/\/ocko.tv\/\">ocko.tv<\/a><br \/>\n<a href=\"https:\/\/kultura.zpravy.idnes.cz\/filmove-ceny-cesky-lev-baba-z-ledu-po-strnisti-bos-milada-spina-2018-phi-\/filmvideo.aspx?c=A180309_165743_filmvideo_spm\">idnes.cz<\/a><br \/>\n<a href=\"http:\/\/www.blesk.cz\/clanek\/celebrity-ceske-celebrity\/529569\/cesky-lev-2018-kompletni-vysledky-sest-sosek-pro-film-baba-z-ledu.html\">blesk.cz<\/a><\/p>","protected":false},"excerpt":{"rendered":"<p>Presti\u017en\u00ed cena \u010cesk\u00fd lev, ud\u011blovan\u00e1 ka\u017edoro\u010dn\u011b \u010ceskou filmovou a televizn\u00ed akademi\u00ed, oslavila v tomto roce jubileum. V sobotu 10. b\u0159ezna 2018 prob\u011bhl ve Dvo\u0159\u00e1kov\u011b s\u00edni pra\u017esk\u00e9ho Rudolfina ji\u017e 25. ro\u010dn\u00edk slavnostn\u00edho p\u0159ed\u00e1v\u00e1n\u00ed cen. Jednatel EUROPEAN INSTITUTE p. Ing, Vladislav Stanko, &#8230;<\/p>","protected":false},"author":1,"featured_media":372,"comment_status":"open","ping_status":"open","sticky":false,"template":"","format":"standard","meta":{"footnotes":""},"categories":[2],"tags":[],"class_list":["post-312","post","type-post","status-publish","format-standard","has-post-thumbnail","hentry","category-inspirace"],"yoast_head":"<!-- This site is optimized with the Yoast SEO plugin v24.7 - https:\/\/yoast.com\/wordpress\/plugins\/seo\/ -->\n<title>25. \u010cesk\u00fd Lev - EUROPEAN INSTITUTE<\/title>\n<meta name=\"robots\" content=\"index, follow, max-snippet:-1, max-image-preview:large, max-video-preview:-1\" \/>\n<link rel=\"canonical\" href=\"https:\/\/www.european-institute.cz\/en\/25-cesky-lev\/\" \/>\n<meta property=\"og:locale\" content=\"en_GB\" \/>\n<meta property=\"og:type\" content=\"article\" \/>\n<meta property=\"og:title\" content=\"25. \u010cesk\u00fd Lev - EUROPEAN INSTITUTE\" \/>\n<meta property=\"og:description\" content=\"Presti\u017en\u00ed cena \u010cesk\u00fd lev, ud\u011blovan\u00e1 ka\u017edoro\u010dn\u011b \u010ceskou filmovou a televizn\u00ed akademi\u00ed, oslavila v tomto roce jubileum. V sobotu 10. b\u0159ezna 2018 prob\u011bhl ve Dvo\u0159\u00e1kov\u011b s\u00edni pra\u017esk\u00e9ho Rudolfina ji\u017e 25. ro\u010dn\u00edk slavnostn\u00edho p\u0159ed\u00e1v\u00e1n\u00ed cen. Jednatel EUROPEAN INSTITUTE p. Ing, Vladislav Stanko, ...\" \/>\n<meta property=\"og:url\" content=\"https:\/\/www.european-institute.cz\/en\/25-cesky-lev\/\" \/>\n<meta property=\"og:site_name\" content=\"EUROPEAN INSTITUTE\" \/>\n<meta property=\"article:published_time\" content=\"2018-03-11T08:17:04+00:00\" \/>\n<meta property=\"og:image\" content=\"https:\/\/www.european-institute.cz\/wp-content\/uploads\/2018\/03\/1.jpg\" \/>\n\t<meta property=\"og:image:width\" content=\"1920\" \/>\n\t<meta property=\"og:image:height\" content=\"1080\" \/>\n\t<meta property=\"og:image:type\" content=\"image\/jpeg\" \/>\n<meta name=\"author\" content=\"EUI\" \/>\n<meta name=\"twitter:card\" content=\"summary_large_image\" \/>\n<meta name=\"twitter:label1\" content=\"Written by\" \/>\n\t<meta name=\"twitter:data1\" content=\"EUI\" \/>\n\t<meta name=\"twitter:label2\" content=\"Estimated reading time\" \/>\n\t<meta name=\"twitter:data2\" content=\"1 minute\" \/>\n<script type=\"application\/ld+json\" class=\"yoast-schema-graph\">{\"@context\":\"https:\/\/schema.org\",\"@graph\":[{\"@type\":\"WebPage\",\"@id\":\"https:\/\/www.european-institute.cz\/en\/25-cesky-lev\/\",\"url\":\"https:\/\/www.european-institute.cz\/en\/25-cesky-lev\/\",\"name\":\"25. \u010cesk\u00fd Lev - EUROPEAN INSTITUTE\",\"isPartOf\":{\"@id\":\"https:\/\/www.european-institute.cz\/#website\"},\"primaryImageOfPage\":{\"@id\":\"https:\/\/www.european-institute.cz\/en\/25-cesky-lev\/#primaryimage\"},\"image\":{\"@id\":\"https:\/\/www.european-institute.cz\/en\/25-cesky-lev\/#primaryimage\"},\"thumbnailUrl\":\"https:\/\/www.european-institute.cz\/wp-content\/uploads\/2018\/03\/1.jpg\",\"datePublished\":\"2018-03-11T08:17:04+00:00\",\"author\":{\"@id\":\"https:\/\/www.european-institute.cz\/#\/schema\/person\/b01cb719ea8f636e022294fcca0a67c4\"},\"breadcrumb\":{\"@id\":\"https:\/\/www.european-institute.cz\/en\/25-cesky-lev\/#breadcrumb\"},\"inLanguage\":\"en-GB\",\"potentialAction\":[{\"@type\":\"ReadAction\",\"target\":[\"https:\/\/www.european-institute.cz\/en\/25-cesky-lev\/\"]}]},{\"@type\":\"ImageObject\",\"inLanguage\":\"en-GB\",\"@id\":\"https:\/\/www.european-institute.cz\/en\/25-cesky-lev\/#primaryimage\",\"url\":\"https:\/\/www.european-institute.cz\/wp-content\/uploads\/2018\/03\/1.jpg\",\"contentUrl\":\"https:\/\/www.european-institute.cz\/wp-content\/uploads\/2018\/03\/1.jpg\",\"width\":1920,\"height\":1080,\"caption\":\"Zuzana Kronerov\u00e1, Pavel Nov\u00fd a Vladislav Stanko\"},{\"@type\":\"BreadcrumbList\",\"@id\":\"https:\/\/www.european-institute.cz\/en\/25-cesky-lev\/#breadcrumb\",\"itemListElement\":[{\"@type\":\"ListItem\",\"position\":1,\"name\":\"Dom\u016f\",\"item\":\"https:\/\/www.european-institute.cz\/\"},{\"@type\":\"ListItem\",\"position\":2,\"name\":\"25. \u010cesk\u00fd Lev\"}]},{\"@type\":\"WebSite\",\"@id\":\"https:\/\/www.european-institute.cz\/#website\",\"url\":\"https:\/\/www.european-institute.cz\/\",\"name\":\"EUROPEAN INSTITUTE\",\"description\":\"\",\"potentialAction\":[{\"@type\":\"SearchAction\",\"target\":{\"@type\":\"EntryPoint\",\"urlTemplate\":\"https:\/\/www.european-institute.cz\/?s={search_term_string}\"},\"query-input\":{\"@type\":\"PropertyValueSpecification\",\"valueRequired\":true,\"valueName\":\"search_term_string\"}}],\"inLanguage\":\"en-GB\"},{\"@type\":\"Person\",\"@id\":\"https:\/\/www.european-institute.cz\/#\/schema\/person\/b01cb719ea8f636e022294fcca0a67c4\",\"name\":\"EUI\",\"url\":\"https:\/\/www.european-institute.cz\/en\/author\/eui\/\"}]}<\/script>\n<!-- \/ Yoast SEO plugin. -->","yoast_head_json":{"title":"25. \u010cesk\u00fd Lev - EUROPEAN INSTITUTE","robots":{"index":"index","follow":"follow","max-snippet":"max-snippet:-1","max-image-preview":"max-image-preview:large","max-video-preview":"max-video-preview:-1"},"canonical":"https:\/\/www.european-institute.cz\/en\/25-cesky-lev\/","og_locale":"en_GB","og_type":"article","og_title":"25. \u010cesk\u00fd Lev - EUROPEAN INSTITUTE","og_description":"Presti\u017en\u00ed cena \u010cesk\u00fd lev, ud\u011blovan\u00e1 ka\u017edoro\u010dn\u011b \u010ceskou filmovou a televizn\u00ed akademi\u00ed, oslavila v tomto roce jubileum. V sobotu 10. b\u0159ezna 2018 prob\u011bhl ve Dvo\u0159\u00e1kov\u011b s\u00edni pra\u017esk\u00e9ho Rudolfina ji\u017e 25. ro\u010dn\u00edk slavnostn\u00edho p\u0159ed\u00e1v\u00e1n\u00ed cen. Jednatel EUROPEAN INSTITUTE p. Ing, Vladislav Stanko, ...","og_url":"https:\/\/www.european-institute.cz\/en\/25-cesky-lev\/","og_site_name":"EUROPEAN INSTITUTE","article_published_time":"2018-03-11T08:17:04+00:00","og_image":[{"width":1920,"height":1080,"url":"https:\/\/www.european-institute.cz\/wp-content\/uploads\/2018\/03\/1.jpg","type":"image\/jpeg"}],"author":"EUI","twitter_card":"summary_large_image","twitter_misc":{"Written by":"EUI","Estimated reading time":"1 minute"},"schema":{"@context":"https:\/\/schema.org","@graph":[{"@type":"WebPage","@id":"https:\/\/www.european-institute.cz\/en\/25-cesky-lev\/","url":"https:\/\/www.european-institute.cz\/en\/25-cesky-lev\/","name":"25. \u010cesk\u00fd Lev - EUROPEAN INSTITUTE","isPartOf":{"@id":"https:\/\/www.european-institute.cz\/#website"},"primaryImageOfPage":{"@id":"https:\/\/www.european-institute.cz\/en\/25-cesky-lev\/#primaryimage"},"image":{"@id":"https:\/\/www.european-institute.cz\/en\/25-cesky-lev\/#primaryimage"},"thumbnailUrl":"https:\/\/www.european-institute.cz\/wp-content\/uploads\/2018\/03\/1.jpg","datePublished":"2018-03-11T08:17:04+00:00","author":{"@id":"https:\/\/www.european-institute.cz\/#\/schema\/person\/b01cb719ea8f636e022294fcca0a67c4"},"breadcrumb":{"@id":"https:\/\/www.european-institute.cz\/en\/25-cesky-lev\/#breadcrumb"},"inLanguage":"en-GB","potentialAction":[{"@type":"ReadAction","target":["https:\/\/www.european-institute.cz\/en\/25-cesky-lev\/"]}]},{"@type":"ImageObject","inLanguage":"en-GB","@id":"https:\/\/www.european-institute.cz\/en\/25-cesky-lev\/#primaryimage","url":"https:\/\/www.european-institute.cz\/wp-content\/uploads\/2018\/03\/1.jpg","contentUrl":"https:\/\/www.european-institute.cz\/wp-content\/uploads\/2018\/03\/1.jpg","width":1920,"height":1080,"caption":"Zuzana Kronerov\u00e1, Pavel Nov\u00fd a Vladislav Stanko"},{"@type":"BreadcrumbList","@id":"https:\/\/www.european-institute.cz\/en\/25-cesky-lev\/#breadcrumb","itemListElement":[{"@type":"ListItem","position":1,"name":"Dom\u016f","item":"https:\/\/www.european-institute.cz\/"},{"@type":"ListItem","position":2,"name":"25. \u010cesk\u00fd Lev"}]},{"@type":"WebSite","@id":"https:\/\/www.european-institute.cz\/#website","url":"https:\/\/www.european-institute.cz\/","name":"EUROPEAN INSTITUTE","description":"","potentialAction":[{"@type":"SearchAction","target":{"@type":"EntryPoint","urlTemplate":"https:\/\/www.european-institute.cz\/?s={search_term_string}"},"query-input":{"@type":"PropertyValueSpecification","valueRequired":true,"valueName":"search_term_string"}}],"inLanguage":"en-GB"},{"@type":"Person","@id":"https:\/\/www.european-institute.cz\/#\/schema\/person\/b01cb719ea8f636e022294fcca0a67c4","name":"EUI","url":"https:\/\/www.european-institute.cz\/en\/author\/eui\/"}]}},"_links":{"self":[{"href":"https:\/\/www.european-institute.cz\/en\/wp-json\/wp\/v2\/posts\/312","targetHints":{"allow":["GET"]}}],"collection":[{"href":"https:\/\/www.european-institute.cz\/en\/wp-json\/wp\/v2\/posts"}],"about":[{"href":"https:\/\/www.european-institute.cz\/en\/wp-json\/wp\/v2\/types\/post"}],"author":[{"embeddable":true,"href":"https:\/\/www.european-institute.cz\/en\/wp-json\/wp\/v2\/users\/1"}],"replies":[{"embeddable":true,"href":"https:\/\/www.european-institute.cz\/en\/wp-json\/wp\/v2\/comments?post=312"}],"version-history":[{"count":0,"href":"https:\/\/www.european-institute.cz\/en\/wp-json\/wp\/v2\/posts\/312\/revisions"}],"wp:featuredmedia":[{"embeddable":true,"href":"https:\/\/www.european-institute.cz\/en\/wp-json\/wp\/v2\/media\/372"}],"wp:attachment":[{"href":"https:\/\/www.european-institute.cz\/en\/wp-json\/wp\/v2\/media?parent=312"}],"wp:term":[{"taxonomy":"category","embeddable":true,"href":"https:\/\/www.european-institute.cz\/en\/wp-json\/wp\/v2\/categories?post=312"},{"taxonomy":"post_tag","embeddable":true,"href":"https:\/\/www.european-institute.cz\/en\/wp-json\/wp\/v2\/tags?post=312"}],"curies":[{"name":"wp","href":"https:\/\/api.w.org\/{rel}","templated":true}]}}