{"id":3194,"date":"2020-05-13T10:59:56","date_gmt":"2020-05-13T08:59:56","guid":{"rendered":"https:\/\/www.european-institute.cz\/?p=3194"},"modified":"2020-05-13T10:59:56","modified_gmt":"2020-05-13T08:59:56","slug":"european-institute-partnerem-75-vyroci-osvobozeni-usti-n-labem-a-ukonceni-2-svetove-valky-v-europe","status":"publish","type":"post","link":"https:\/\/www.european-institute.cz\/en\/european-institute-partnerem-75-vyroci-osvobozeni-usti-n-labem-a-ukonceni-2-svetove-valky-v-europe\/","title":{"rendered":"EUROPEAN INSTITUTE partnerem 75. v\u00fdro\u010d\u00ed osvobozen\u00ed \u00dast\u00ed N. Labem a ukon\u010deni 2. sv\u011btov\u00e9 v\u00e1lky v Europ\u011b"},"content":{"rendered":"<p>EUROPEAN INSTITUTE partnerem 75. v\u00fdro\u010d\u00ed osvobozen\u00ed \u00dast\u00ed N. Labem a ukon\u010deni 2. sv\u011btov\u00e9 v\u00e1lky v Europ\u011b.<\/p>\n<p>Dne 8. kv\u011btna 2020 si u pomn\u00edku sov\u011btsk\u00fdch hrdin\u016f v M\u011bstsk\u00fdch sadech uctili pietou 75. v\u00fdro\u010d\u00ed osvobozen\u00ed \u00dast\u00ed N. Labem a ukon\u010deni 2. sv\u011btov\u00e9 v\u00e1lky v Europ\u011b z\u00e1stupci Gener\u00e1ln\u00edho konzul\u00e1tu Rusk\u00e9 federace v Karlov\u00fdch Varech, Sen\u00e1tu \u010cesk\u00e9 republiky, Poslaneck\u00e9 sn\u011bmovny Parlamentu \u010cesk\u00e9 republiky, Krajsk\u00e9ho \u00fa\u0159adu \u00dasteck\u00e9ho kraje, OV \u010cSBS, EUROPEAN INSTITUTE a \u0161irok\u00e9 ve\u0159ejnosti.<\/p>\n<p>Majitel EUROPEAN INSTITUTE Prague a poslanec m\u011bsta Ko\u0161ice ze SR p. Ing. Vladislav Stanko, MBA, LL.M., sen\u00e1tor \u010cR Jaroslav Doubrava, n\u00e1m\u011bstek hejtmana \u00dasteck\u00e9ho kraje Mgr. Bc. Petr \u0160m\u00edd a dal\u0161\u00ed host\u00e9 osobn\u011b vzdali hold hrdin\u016fm Rud\u00e9 arm\u00e1dy a kr\u00e1tk\u00fdmi projevy pozdravili v\u0161echny p\u0159\u00edtomn\u00e9.<\/p>\n<p>V pod\u00e1n\u00ed s\u00f3listky Severo\u010desk\u00e9ho divadla, opery a baletu p\u00ed. MgA. Valeriye Vaygant zazn\u011bli hymny \u010cesk\u00e9 republiky a Rusk\u00e9 federace.<\/p>\n<p>&nbsp;<\/p>\n<p><a href=\"https:\/\/www.european-institute.cz\/wp-content\/uploads\/2020\/05\/www.european-institute.cz-1-75.-Pieta-Usti.jpg\"><img loading=\"lazy\" decoding=\"async\" class=\"alignnone size-medium wp-image-3199\" src=\"https:\/\/www.european-institute.cz\/wp-content\/uploads\/2020\/05\/www.european-institute.cz-1-75.-Pieta-Usti-300x225.jpg\" alt=\"\" width=\"300\" height=\"225\" srcset=\"https:\/\/www.european-institute.cz\/wp-content\/uploads\/2020\/05\/www.european-institute.cz-1-75.-Pieta-Usti-300x225.jpg 300w, https:\/\/www.european-institute.cz\/wp-content\/uploads\/2020\/05\/www.european-institute.cz-1-75.-Pieta-Usti-1024x768.jpg 1024w, https:\/\/www.european-institute.cz\/wp-content\/uploads\/2020\/05\/www.european-institute.cz-1-75.-Pieta-Usti-768x576.jpg 768w, https:\/\/www.european-institute.cz\/wp-content\/uploads\/2020\/05\/www.european-institute.cz-1-75.-Pieta-Usti-1536x1152.jpg 1536w, https:\/\/www.european-institute.cz\/wp-content\/uploads\/2020\/05\/www.european-institute.cz-1-75.-Pieta-Usti-2048x1536.jpg 2048w, https:\/\/www.european-institute.cz\/wp-content\/uploads\/2020\/05\/www.european-institute.cz-1-75.-Pieta-Usti-800x600.jpg 800w\" sizes=\"auto, (max-width: 300px) 100vw, 300px\" \/><\/a><\/p>\n<p><a href=\"https:\/\/www.european-institute.cz\/wp-content\/uploads\/2020\/05\/www.european-institute.cz-2-75.-Pieta-Usti-Vlado-Stanko.jpg\"><img loading=\"lazy\" decoding=\"async\" class=\"alignnone size-medium wp-image-3205\" src=\"https:\/\/www.european-institute.cz\/wp-content\/uploads\/2020\/05\/www.european-institute.cz-2-75.-Pieta-Usti-Vlado-Stanko-300x196.jpg\" alt=\"\" width=\"300\" height=\"196\" srcset=\"https:\/\/www.european-institute.cz\/wp-content\/uploads\/2020\/05\/www.european-institute.cz-2-75.-Pieta-Usti-Vlado-Stanko-300x196.jpg 300w, https:\/\/www.european-institute.cz\/wp-content\/uploads\/2020\/05\/www.european-institute.cz-2-75.-Pieta-Usti-Vlado-Stanko-1024x669.jpg 1024w, https:\/\/www.european-institute.cz\/wp-content\/uploads\/2020\/05\/www.european-institute.cz-2-75.-Pieta-Usti-Vlado-Stanko-768x501.jpg 768w, https:\/\/www.european-institute.cz\/wp-content\/uploads\/2020\/05\/www.european-institute.cz-2-75.-Pieta-Usti-Vlado-Stanko-370x240.jpg 370w, https:\/\/www.european-institute.cz\/wp-content\/uploads\/2020\/05\/www.european-institute.cz-2-75.-Pieta-Usti-Vlado-Stanko-800x522.jpg 800w, https:\/\/www.european-institute.cz\/wp-content\/uploads\/2020\/05\/www.european-institute.cz-2-75.-Pieta-Usti-Vlado-Stanko.jpg 1380w\" sizes=\"auto, (max-width: 300px) 100vw, 300px\" \/><\/a><\/p>\n<p><a href=\"https:\/\/www.european-institute.cz\/wp-content\/uploads\/2020\/05\/www.european-institute.cz-3-75.-Pieta-Usti.jpg\"><img loading=\"lazy\" decoding=\"async\" class=\"alignnone size-medium wp-image-3198\" src=\"https:\/\/www.european-institute.cz\/wp-content\/uploads\/2020\/05\/www.european-institute.cz-3-75.-Pieta-Usti-300x225.jpg\" alt=\"\" width=\"300\" height=\"225\" srcset=\"https:\/\/www.european-institute.cz\/wp-content\/uploads\/2020\/05\/www.european-institute.cz-3-75.-Pieta-Usti-300x225.jpg 300w, https:\/\/www.european-institute.cz\/wp-content\/uploads\/2020\/05\/www.european-institute.cz-3-75.-Pieta-Usti-1024x768.jpg 1024w, https:\/\/www.european-institute.cz\/wp-content\/uploads\/2020\/05\/www.european-institute.cz-3-75.-Pieta-Usti-768x576.jpg 768w, https:\/\/www.european-institute.cz\/wp-content\/uploads\/2020\/05\/www.european-institute.cz-3-75.-Pieta-Usti-1536x1152.jpg 1536w, https:\/\/www.european-institute.cz\/wp-content\/uploads\/2020\/05\/www.european-institute.cz-3-75.-Pieta-Usti-2048x1536.jpg 2048w, https:\/\/www.european-institute.cz\/wp-content\/uploads\/2020\/05\/www.european-institute.cz-3-75.-Pieta-Usti-800x600.jpg 800w\" sizes=\"auto, (max-width: 300px) 100vw, 300px\" \/><\/a><\/p>\n<p><a href=\"https:\/\/www.european-institute.cz\/wp-content\/uploads\/2020\/05\/www.european-institute.cz-4-75.-Pieta-Usti-Vlado-Stanko-senator-Doubrava.jpg\"><img loading=\"lazy\" decoding=\"async\" class=\"alignnone size-medium wp-image-3204\" src=\"https:\/\/www.european-institute.cz\/wp-content\/uploads\/2020\/05\/www.european-institute.cz-4-75.-Pieta-Usti-Vlado-Stanko-senator-Doubrava-168x300.jpg\" alt=\"\" width=\"168\" height=\"300\" srcset=\"https:\/\/www.european-institute.cz\/wp-content\/uploads\/2020\/05\/www.european-institute.cz-4-75.-Pieta-Usti-Vlado-Stanko-senator-Doubrava-168x300.jpg 168w, https:\/\/www.european-institute.cz\/wp-content\/uploads\/2020\/05\/www.european-institute.cz-4-75.-Pieta-Usti-Vlado-Stanko-senator-Doubrava-575x1024.jpg 575w, https:\/\/www.european-institute.cz\/wp-content\/uploads\/2020\/05\/www.european-institute.cz-4-75.-Pieta-Usti-Vlado-Stanko-senator-Doubrava-768x1368.jpg 768w, https:\/\/www.european-institute.cz\/wp-content\/uploads\/2020\/05\/www.european-institute.cz-4-75.-Pieta-Usti-Vlado-Stanko-senator-Doubrava-862x1536.jpg 862w, https:\/\/www.european-institute.cz\/wp-content\/uploads\/2020\/05\/www.european-institute.cz-4-75.-Pieta-Usti-Vlado-Stanko-senator-Doubrava-800x1425.jpg 800w, https:\/\/www.european-institute.cz\/wp-content\/uploads\/2020\/05\/www.european-institute.cz-4-75.-Pieta-Usti-Vlado-Stanko-senator-Doubrava.jpg 898w\" sizes=\"auto, (max-width: 168px) 100vw, 168px\" \/><\/a><\/p>\n<p><a href=\"https:\/\/www.european-institute.cz\/wp-content\/uploads\/2020\/05\/www.european-institute.cz-5-75.-Pieta-Usti.jpg\"><img loading=\"lazy\" decoding=\"async\" class=\"alignnone size-medium wp-image-3197\" src=\"https:\/\/www.european-institute.cz\/wp-content\/uploads\/2020\/05\/www.european-institute.cz-5-75.-Pieta-Usti-300x225.jpg\" alt=\"\" width=\"300\" height=\"225\" srcset=\"https:\/\/www.european-institute.cz\/wp-content\/uploads\/2020\/05\/www.european-institute.cz-5-75.-Pieta-Usti-300x225.jpg 300w, https:\/\/www.european-institute.cz\/wp-content\/uploads\/2020\/05\/www.european-institute.cz-5-75.-Pieta-Usti-1024x768.jpg 1024w, https:\/\/www.european-institute.cz\/wp-content\/uploads\/2020\/05\/www.european-institute.cz-5-75.-Pieta-Usti-768x576.jpg 768w, https:\/\/www.european-institute.cz\/wp-content\/uploads\/2020\/05\/www.european-institute.cz-5-75.-Pieta-Usti-1536x1152.jpg 1536w, https:\/\/www.european-institute.cz\/wp-content\/uploads\/2020\/05\/www.european-institute.cz-5-75.-Pieta-Usti-2048x1536.jpg 2048w, https:\/\/www.european-institute.cz\/wp-content\/uploads\/2020\/05\/www.european-institute.cz-5-75.-Pieta-Usti-800x600.jpg 800w\" sizes=\"auto, (max-width: 300px) 100vw, 300px\" \/><\/a><\/p>\n<p><a href=\"https:\/\/www.european-institute.cz\/wp-content\/uploads\/2020\/05\/www.european-institute.cz-6-75.-Pieta-Usti.jpg\"><img loading=\"lazy\" decoding=\"async\" class=\"alignnone size-full wp-image-3203\" src=\"https:\/\/www.european-institute.cz\/wp-content\/uploads\/2020\/05\/www.european-institute.cz-6-75.-Pieta-Usti.jpg\" alt=\"\" width=\"225\" height=\"277\" \/><\/a><\/p>\n<p><a href=\"https:\/\/www.european-institute.cz\/wp-content\/uploads\/2020\/05\/www.european-institute.cz-7-75.-Pieta-Usti.jpg\"><img loading=\"lazy\" decoding=\"async\" class=\"alignnone size-medium wp-image-3202\" src=\"https:\/\/www.european-institute.cz\/wp-content\/uploads\/2020\/05\/www.european-institute.cz-7-75.-Pieta-Usti-168x300.jpg\" alt=\"\" width=\"168\" height=\"300\" srcset=\"https:\/\/www.european-institute.cz\/wp-content\/uploads\/2020\/05\/www.european-institute.cz-7-75.-Pieta-Usti-168x300.jpg 168w, https:\/\/www.european-institute.cz\/wp-content\/uploads\/2020\/05\/www.european-institute.cz-7-75.-Pieta-Usti-575x1024.jpg 575w, https:\/\/www.european-institute.cz\/wp-content\/uploads\/2020\/05\/www.european-institute.cz-7-75.-Pieta-Usti-768x1368.jpg 768w, https:\/\/www.european-institute.cz\/wp-content\/uploads\/2020\/05\/www.european-institute.cz-7-75.-Pieta-Usti-862x1536.jpg 862w, https:\/\/www.european-institute.cz\/wp-content\/uploads\/2020\/05\/www.european-institute.cz-7-75.-Pieta-Usti-800x1425.jpg 800w, https:\/\/www.european-institute.cz\/wp-content\/uploads\/2020\/05\/www.european-institute.cz-7-75.-Pieta-Usti.jpg 898w\" sizes=\"auto, (max-width: 168px) 100vw, 168px\" \/><\/a><\/p>\n<p><a href=\"https:\/\/www.european-institute.cz\/wp-content\/uploads\/2020\/05\/www.european-institute.cz-8-75.-Pieta-Usti-Vlado-Stanko-vojaci-1.jpg\"><img loading=\"lazy\" decoding=\"async\" class=\"alignnone size-medium wp-image-3200\" src=\"https:\/\/www.european-institute.cz\/wp-content\/uploads\/2020\/05\/www.european-institute.cz-8-75.-Pieta-Usti-Vlado-Stanko-vojaci-1-300x225.jpg\" alt=\"\" width=\"300\" height=\"225\" srcset=\"https:\/\/www.european-institute.cz\/wp-content\/uploads\/2020\/05\/www.european-institute.cz-8-75.-Pieta-Usti-Vlado-Stanko-vojaci-1-300x225.jpg 300w, https:\/\/www.european-institute.cz\/wp-content\/uploads\/2020\/05\/www.european-institute.cz-8-75.-Pieta-Usti-Vlado-Stanko-vojaci-1-1024x768.jpg 1024w, https:\/\/www.european-institute.cz\/wp-content\/uploads\/2020\/05\/www.european-institute.cz-8-75.-Pieta-Usti-Vlado-Stanko-vojaci-1-768x576.jpg 768w, https:\/\/www.european-institute.cz\/wp-content\/uploads\/2020\/05\/www.european-institute.cz-8-75.-Pieta-Usti-Vlado-Stanko-vojaci-1-1536x1152.jpg 1536w, https:\/\/www.european-institute.cz\/wp-content\/uploads\/2020\/05\/www.european-institute.cz-8-75.-Pieta-Usti-Vlado-Stanko-vojaci-1-2048x1536.jpg 2048w, https:\/\/www.european-institute.cz\/wp-content\/uploads\/2020\/05\/www.european-institute.cz-8-75.-Pieta-Usti-Vlado-Stanko-vojaci-1-800x600.jpg 800w\" sizes=\"auto, (max-width: 300px) 100vw, 300px\" \/><\/a><\/p>\n<p><a href=\"https:\/\/www.european-institute.cz\/wp-content\/uploads\/2020\/05\/www.european-institute.cz-9-75.-Pieta-UstiVlado-Stanko-samopal.jpg\"><img loading=\"lazy\" decoding=\"async\" class=\"alignnone size-medium wp-image-3196\" src=\"https:\/\/www.european-institute.cz\/wp-content\/uploads\/2020\/05\/www.european-institute.cz-9-75.-Pieta-UstiVlado-Stanko-samopal-267x300.jpg\" alt=\"\" width=\"267\" height=\"300\" srcset=\"https:\/\/www.european-institute.cz\/wp-content\/uploads\/2020\/05\/www.european-institute.cz-9-75.-Pieta-UstiVlado-Stanko-samopal-267x300.jpg 267w, https:\/\/www.european-institute.cz\/wp-content\/uploads\/2020\/05\/www.european-institute.cz-9-75.-Pieta-UstiVlado-Stanko-samopal-910x1024.jpg 910w, https:\/\/www.european-institute.cz\/wp-content\/uploads\/2020\/05\/www.european-institute.cz-9-75.-Pieta-UstiVlado-Stanko-samopal-768x864.jpg 768w, https:\/\/www.european-institute.cz\/wp-content\/uploads\/2020\/05\/www.european-institute.cz-9-75.-Pieta-UstiVlado-Stanko-samopal-1366x1536.jpg 1366w, https:\/\/www.european-institute.cz\/wp-content\/uploads\/2020\/05\/www.european-institute.cz-9-75.-Pieta-UstiVlado-Stanko-samopal-1821x2048.jpg 1821w, https:\/\/www.european-institute.cz\/wp-content\/uploads\/2020\/05\/www.european-institute.cz-9-75.-Pieta-UstiVlado-Stanko-samopal-800x900.jpg 800w\" sizes=\"auto, (max-width: 267px) 100vw, 267px\" \/><\/a><\/p>\n<p><a href=\"https:\/\/www.european-institute.cz\/wp-content\/uploads\/2020\/05\/www.european-institute.cz-10-75.-Pieta-Usti-Vlado-Stanko-namestek-Petr-Smid.jpg\"><img loading=\"lazy\" decoding=\"async\" class=\"alignnone size-medium wp-image-3195\" src=\"https:\/\/www.european-institute.cz\/wp-content\/uploads\/2020\/05\/www.european-institute.cz-10-75.-Pieta-Usti-Vlado-Stanko-namestek-Petr-Smid-300x225.jpg\" alt=\"\" width=\"300\" height=\"225\" srcset=\"https:\/\/www.european-institute.cz\/wp-content\/uploads\/2020\/05\/www.european-institute.cz-10-75.-Pieta-Usti-Vlado-Stanko-namestek-Petr-Smid-300x225.jpg 300w, https:\/\/www.european-institute.cz\/wp-content\/uploads\/2020\/05\/www.european-institute.cz-10-75.-Pieta-Usti-Vlado-Stanko-namestek-Petr-Smid-1024x768.jpg 1024w, https:\/\/www.european-institute.cz\/wp-content\/uploads\/2020\/05\/www.european-institute.cz-10-75.-Pieta-Usti-Vlado-Stanko-namestek-Petr-Smid-768x576.jpg 768w, https:\/\/www.european-institute.cz\/wp-content\/uploads\/2020\/05\/www.european-institute.cz-10-75.-Pieta-Usti-Vlado-Stanko-namestek-Petr-Smid-1536x1152.jpg 1536w, https:\/\/www.european-institute.cz\/wp-content\/uploads\/2020\/05\/www.european-institute.cz-10-75.-Pieta-Usti-Vlado-Stanko-namestek-Petr-Smid-2048x1536.jpg 2048w, https:\/\/www.european-institute.cz\/wp-content\/uploads\/2020\/05\/www.european-institute.cz-10-75.-Pieta-Usti-Vlado-Stanko-namestek-Petr-Smid-800x600.jpg 800w\" sizes=\"auto, (max-width: 300px) 100vw, 300px\" \/><\/a><\/p>\n<p><a href=\"https:\/\/www.european-institute.cz\/wp-content\/uploads\/2020\/05\/www.european-institute.cz-Pozvanka-8.5.2020-Pieta-Usti-N.-Labem-1.jpg\"><img loading=\"lazy\" decoding=\"async\" class=\"alignnone size-medium wp-image-3201\" src=\"https:\/\/www.european-institute.cz\/wp-content\/uploads\/2020\/05\/www.european-institute.cz-Pozvanka-8.5.2020-Pieta-Usti-N.-Labem-1-212x300.jpg\" alt=\"\" width=\"212\" height=\"300\" srcset=\"https:\/\/www.european-institute.cz\/wp-content\/uploads\/2020\/05\/www.european-institute.cz-Pozvanka-8.5.2020-Pieta-Usti-N.-Labem-1-212x300.jpg 212w, https:\/\/www.european-institute.cz\/wp-content\/uploads\/2020\/05\/www.european-institute.cz-Pozvanka-8.5.2020-Pieta-Usti-N.-Labem-1-724x1024.jpg 724w, https:\/\/www.european-institute.cz\/wp-content\/uploads\/2020\/05\/www.european-institute.cz-Pozvanka-8.5.2020-Pieta-Usti-N.-Labem-1-768x1086.jpg 768w, https:\/\/www.european-institute.cz\/wp-content\/uploads\/2020\/05\/www.european-institute.cz-Pozvanka-8.5.2020-Pieta-Usti-N.-Labem-1-1086x1536.jpg 1086w, https:\/\/www.european-institute.cz\/wp-content\/uploads\/2020\/05\/www.european-institute.cz-Pozvanka-8.5.2020-Pieta-Usti-N.-Labem-1-800x1132.jpg 800w, https:\/\/www.european-institute.cz\/wp-content\/uploads\/2020\/05\/www.european-institute.cz-Pozvanka-8.5.2020-Pieta-Usti-N.-Labem-1.jpg 1240w\" sizes=\"auto, (max-width: 212px) 100vw, 212px\" \/><\/a><br \/>\nZdroj:<br \/>\n<a href=\"https:\/\/www.facebook.com\/EuropeanInstituteEducation\/\" target=\"_blank\" rel=\"noopener noreferrer\">https:\/\/www.facebook.com\/EuropeanInstituteEducation\/<\/a><br \/>\n<a href=\"https:\/\/www.european-institute.cz\/en\/\" target=\"_blank\" rel=\"noopener noreferrer\">https:\/\/www.european-institute.cz\/<\/a><br \/>\n<a href=\"https:\/\/www.kr-ustecky.cz\/\" target=\"_blank\" rel=\"noopener noreferrer\">https:\/\/www.kr-ustecky.cz\/<\/a><br \/>\n<a href=\"https:\/\/www.senat.cz\/\" target=\"_blank\" rel=\"noopener noreferrer\">https:\/\/www.senat.cz\/<\/a><\/p>","protected":false},"excerpt":{"rendered":"<p>EUROPEAN INSTITUTE partnerem 75. v\u00fdro\u010d\u00ed osvobozen\u00ed \u00dast\u00ed N. Labem a ukon\u010deni 2. sv\u011btov\u00e9 v\u00e1lky v Europ\u011b. Dne 8. kv\u011btna 2020 si u pomn\u00edku sov\u011btsk\u00fdch hrdin\u016f v M\u011bstsk\u00fdch sadech uctili pietou 75. v\u00fdro\u010d\u00ed osvobozen\u00ed \u00dast\u00ed N. Labem a ukon\u010deni 2. sv\u011btov\u00e9 &#8230;<\/p>","protected":false},"author":2,"featured_media":3199,"comment_status":"open","ping_status":"open","sticky":false,"template":"","format":"standard","meta":{"footnotes":""},"categories":[4],"tags":[],"class_list":["post-3194","post","type-post","status-publish","format-standard","has-post-thumbnail","hentry","category-novinky"],"yoast_head":"<!-- This site is optimized with the Yoast SEO plugin v24.7 - https:\/\/yoast.com\/wordpress\/plugins\/seo\/ -->\n<title>EUROPEAN INSTITUTE partnerem 75. v\u00fdro\u010d\u00ed osvobozen\u00ed \u00dast\u00ed N. Labem a ukon\u010deni 2. sv\u011btov\u00e9 v\u00e1lky v Europ\u011b - EUROPEAN INSTITUTE<\/title>\n<meta name=\"robots\" content=\"index, follow, max-snippet:-1, max-image-preview:large, max-video-preview:-1\" \/>\n<link rel=\"canonical\" href=\"https:\/\/www.european-institute.cz\/en\/european-institute-partnerem-75-vyroci-osvobozeni-usti-n-labem-a-ukonceni-2-svetove-valky-v-europe\/\" \/>\n<meta property=\"og:locale\" content=\"en_GB\" \/>\n<meta property=\"og:type\" content=\"article\" \/>\n<meta property=\"og:title\" content=\"EUROPEAN INSTITUTE partnerem 75. v\u00fdro\u010d\u00ed osvobozen\u00ed \u00dast\u00ed N. Labem a ukon\u010deni 2. sv\u011btov\u00e9 v\u00e1lky v Europ\u011b - EUROPEAN INSTITUTE\" \/>\n<meta property=\"og:description\" content=\"EUROPEAN INSTITUTE partnerem 75. v\u00fdro\u010d\u00ed osvobozen\u00ed \u00dast\u00ed N. Labem a ukon\u010deni 2. sv\u011btov\u00e9 v\u00e1lky v Europ\u011b. Dne 8. kv\u011btna 2020 si u pomn\u00edku sov\u011btsk\u00fdch hrdin\u016f v M\u011bstsk\u00fdch sadech uctili pietou 75. v\u00fdro\u010d\u00ed osvobozen\u00ed \u00dast\u00ed N. Labem a ukon\u010deni 2. sv\u011btov\u00e9 ...\" \/>\n<meta property=\"og:url\" content=\"https:\/\/www.european-institute.cz\/en\/european-institute-partnerem-75-vyroci-osvobozeni-usti-n-labem-a-ukonceni-2-svetove-valky-v-europe\/\" \/>\n<meta property=\"og:site_name\" content=\"EUROPEAN INSTITUTE\" \/>\n<meta property=\"article:published_time\" content=\"2020-05-13T08:59:56+00:00\" \/>\n<meta property=\"og:image\" content=\"https:\/\/www.european-institute.cz\/wp-content\/uploads\/2020\/05\/www.european-institute.cz-1-75.-Pieta-Usti-1024x768.jpg\" \/>\n\t<meta property=\"og:image:width\" content=\"1024\" \/>\n\t<meta property=\"og:image:height\" content=\"768\" \/>\n\t<meta property=\"og:image:type\" content=\"image\/jpeg\" \/>\n<meta name=\"author\" content=\"EUROPEAN INSTITUTE\" \/>\n<meta name=\"twitter:card\" content=\"summary_large_image\" \/>\n<meta name=\"twitter:label1\" content=\"Written by\" \/>\n\t<meta name=\"twitter:data1\" content=\"EUROPEAN INSTITUTE\" \/>\n\t<meta name=\"twitter:label2\" content=\"Estimated reading time\" \/>\n\t<meta name=\"twitter:data2\" content=\"1 minute\" \/>\n<script type=\"application\/ld+json\" class=\"yoast-schema-graph\">{\"@context\":\"https:\/\/schema.org\",\"@graph\":[{\"@type\":\"WebPage\",\"@id\":\"https:\/\/www.european-institute.cz\/en\/european-institute-partnerem-75-vyroci-osvobozeni-usti-n-labem-a-ukonceni-2-svetove-valky-v-europe\/\",\"url\":\"https:\/\/www.european-institute.cz\/en\/european-institute-partnerem-75-vyroci-osvobozeni-usti-n-labem-a-ukonceni-2-svetove-valky-v-europe\/\",\"name\":\"EUROPEAN INSTITUTE partnerem 75. v\u00fdro\u010d\u00ed osvobozen\u00ed \u00dast\u00ed N. Labem a ukon\u010deni 2. sv\u011btov\u00e9 v\u00e1lky v Europ\u011b - EUROPEAN INSTITUTE\",\"isPartOf\":{\"@id\":\"https:\/\/www.european-institute.cz\/#website\"},\"primaryImageOfPage\":{\"@id\":\"https:\/\/www.european-institute.cz\/en\/european-institute-partnerem-75-vyroci-osvobozeni-usti-n-labem-a-ukonceni-2-svetove-valky-v-europe\/#primaryimage\"},\"image\":{\"@id\":\"https:\/\/www.european-institute.cz\/en\/european-institute-partnerem-75-vyroci-osvobozeni-usti-n-labem-a-ukonceni-2-svetove-valky-v-europe\/#primaryimage\"},\"thumbnailUrl\":\"https:\/\/www.european-institute.cz\/wp-content\/uploads\/2020\/05\/www.european-institute.cz-1-75.-Pieta-Usti.jpg\",\"datePublished\":\"2020-05-13T08:59:56+00:00\",\"author\":{\"@id\":\"https:\/\/www.european-institute.cz\/#\/schema\/person\/392e21128d290a4032f121d3b99ff1ee\"},\"breadcrumb\":{\"@id\":\"https:\/\/www.european-institute.cz\/en\/european-institute-partnerem-75-vyroci-osvobozeni-usti-n-labem-a-ukonceni-2-svetove-valky-v-europe\/#breadcrumb\"},\"inLanguage\":\"en-GB\",\"potentialAction\":[{\"@type\":\"ReadAction\",\"target\":[\"https:\/\/www.european-institute.cz\/en\/european-institute-partnerem-75-vyroci-osvobozeni-usti-n-labem-a-ukonceni-2-svetove-valky-v-europe\/\"]}]},{\"@type\":\"ImageObject\",\"inLanguage\":\"en-GB\",\"@id\":\"https:\/\/www.european-institute.cz\/en\/european-institute-partnerem-75-vyroci-osvobozeni-usti-n-labem-a-ukonceni-2-svetove-valky-v-europe\/#primaryimage\",\"url\":\"https:\/\/www.european-institute.cz\/wp-content\/uploads\/2020\/05\/www.european-institute.cz-1-75.-Pieta-Usti.jpg\",\"contentUrl\":\"https:\/\/www.european-institute.cz\/wp-content\/uploads\/2020\/05\/www.european-institute.cz-1-75.-Pieta-Usti.jpg\",\"width\":4608,\"height\":3456},{\"@type\":\"BreadcrumbList\",\"@id\":\"https:\/\/www.european-institute.cz\/en\/european-institute-partnerem-75-vyroci-osvobozeni-usti-n-labem-a-ukonceni-2-svetove-valky-v-europe\/#breadcrumb\",\"itemListElement\":[{\"@type\":\"ListItem\",\"position\":1,\"name\":\"Dom\u016f\",\"item\":\"https:\/\/www.european-institute.cz\/\"},{\"@type\":\"ListItem\",\"position\":2,\"name\":\"EUROPEAN INSTITUTE partnerem 75. v\u00fdro\u010d\u00ed osvobozen\u00ed \u00dast\u00ed N. Labem a ukon\u010deni 2. sv\u011btov\u00e9 v\u00e1lky v Europ\u011b\"}]},{\"@type\":\"WebSite\",\"@id\":\"https:\/\/www.european-institute.cz\/#website\",\"url\":\"https:\/\/www.european-institute.cz\/\",\"name\":\"EUROPEAN INSTITUTE\",\"description\":\"\",\"potentialAction\":[{\"@type\":\"SearchAction\",\"target\":{\"@type\":\"EntryPoint\",\"urlTemplate\":\"https:\/\/www.european-institute.cz\/?s={search_term_string}\"},\"query-input\":{\"@type\":\"PropertyValueSpecification\",\"valueRequired\":true,\"valueName\":\"search_term_string\"}}],\"inLanguage\":\"en-GB\"},{\"@type\":\"Person\",\"@id\":\"https:\/\/www.european-institute.cz\/#\/schema\/person\/392e21128d290a4032f121d3b99ff1ee\",\"name\":\"EUROPEAN INSTITUTE\",\"url\":\"https:\/\/www.european-institute.cz\/en\/author\/studijni\/\"}]}<\/script>\n<!-- \/ Yoast SEO plugin. -->","yoast_head_json":{"title":"EUROPEAN INSTITUTE partnerem 75. v\u00fdro\u010d\u00ed osvobozen\u00ed \u00dast\u00ed N. Labem a ukon\u010deni 2. sv\u011btov\u00e9 v\u00e1lky v Europ\u011b - EUROPEAN INSTITUTE","robots":{"index":"index","follow":"follow","max-snippet":"max-snippet:-1","max-image-preview":"max-image-preview:large","max-video-preview":"max-video-preview:-1"},"canonical":"https:\/\/www.european-institute.cz\/en\/european-institute-partnerem-75-vyroci-osvobozeni-usti-n-labem-a-ukonceni-2-svetove-valky-v-europe\/","og_locale":"en_GB","og_type":"article","og_title":"EUROPEAN INSTITUTE partnerem 75. v\u00fdro\u010d\u00ed osvobozen\u00ed \u00dast\u00ed N. Labem a ukon\u010deni 2. sv\u011btov\u00e9 v\u00e1lky v Europ\u011b - EUROPEAN INSTITUTE","og_description":"EUROPEAN INSTITUTE partnerem 75. v\u00fdro\u010d\u00ed osvobozen\u00ed \u00dast\u00ed N. Labem a ukon\u010deni 2. sv\u011btov\u00e9 v\u00e1lky v Europ\u011b. Dne 8. kv\u011btna 2020 si u pomn\u00edku sov\u011btsk\u00fdch hrdin\u016f v M\u011bstsk\u00fdch sadech uctili pietou 75. v\u00fdro\u010d\u00ed osvobozen\u00ed \u00dast\u00ed N. Labem a ukon\u010deni 2. sv\u011btov\u00e9 ...","og_url":"https:\/\/www.european-institute.cz\/en\/european-institute-partnerem-75-vyroci-osvobozeni-usti-n-labem-a-ukonceni-2-svetove-valky-v-europe\/","og_site_name":"EUROPEAN INSTITUTE","article_published_time":"2020-05-13T08:59:56+00:00","og_image":[{"width":1024,"height":768,"url":"https:\/\/www.european-institute.cz\/wp-content\/uploads\/2020\/05\/www.european-institute.cz-1-75.-Pieta-Usti-1024x768.jpg","type":"image\/jpeg"}],"author":"EUROPEAN INSTITUTE","twitter_card":"summary_large_image","twitter_misc":{"Written by":"EUROPEAN INSTITUTE","Estimated reading time":"1 minute"},"schema":{"@context":"https:\/\/schema.org","@graph":[{"@type":"WebPage","@id":"https:\/\/www.european-institute.cz\/en\/european-institute-partnerem-75-vyroci-osvobozeni-usti-n-labem-a-ukonceni-2-svetove-valky-v-europe\/","url":"https:\/\/www.european-institute.cz\/en\/european-institute-partnerem-75-vyroci-osvobozeni-usti-n-labem-a-ukonceni-2-svetove-valky-v-europe\/","name":"EUROPEAN INSTITUTE partnerem 75. v\u00fdro\u010d\u00ed osvobozen\u00ed \u00dast\u00ed N. Labem a ukon\u010deni 2. sv\u011btov\u00e9 v\u00e1lky v Europ\u011b - EUROPEAN INSTITUTE","isPartOf":{"@id":"https:\/\/www.european-institute.cz\/#website"},"primaryImageOfPage":{"@id":"https:\/\/www.european-institute.cz\/en\/european-institute-partnerem-75-vyroci-osvobozeni-usti-n-labem-a-ukonceni-2-svetove-valky-v-europe\/#primaryimage"},"image":{"@id":"https:\/\/www.european-institute.cz\/en\/european-institute-partnerem-75-vyroci-osvobozeni-usti-n-labem-a-ukonceni-2-svetove-valky-v-europe\/#primaryimage"},"thumbnailUrl":"https:\/\/www.european-institute.cz\/wp-content\/uploads\/2020\/05\/www.european-institute.cz-1-75.-Pieta-Usti.jpg","datePublished":"2020-05-13T08:59:56+00:00","author":{"@id":"https:\/\/www.european-institute.cz\/#\/schema\/person\/392e21128d290a4032f121d3b99ff1ee"},"breadcrumb":{"@id":"https:\/\/www.european-institute.cz\/en\/european-institute-partnerem-75-vyroci-osvobozeni-usti-n-labem-a-ukonceni-2-svetove-valky-v-europe\/#breadcrumb"},"inLanguage":"en-GB","potentialAction":[{"@type":"ReadAction","target":["https:\/\/www.european-institute.cz\/en\/european-institute-partnerem-75-vyroci-osvobozeni-usti-n-labem-a-ukonceni-2-svetove-valky-v-europe\/"]}]},{"@type":"ImageObject","inLanguage":"en-GB","@id":"https:\/\/www.european-institute.cz\/en\/european-institute-partnerem-75-vyroci-osvobozeni-usti-n-labem-a-ukonceni-2-svetove-valky-v-europe\/#primaryimage","url":"https:\/\/www.european-institute.cz\/wp-content\/uploads\/2020\/05\/www.european-institute.cz-1-75.-Pieta-Usti.jpg","contentUrl":"https:\/\/www.european-institute.cz\/wp-content\/uploads\/2020\/05\/www.european-institute.cz-1-75.-Pieta-Usti.jpg","width":4608,"height":3456},{"@type":"BreadcrumbList","@id":"https:\/\/www.european-institute.cz\/en\/european-institute-partnerem-75-vyroci-osvobozeni-usti-n-labem-a-ukonceni-2-svetove-valky-v-europe\/#breadcrumb","itemListElement":[{"@type":"ListItem","position":1,"name":"Dom\u016f","item":"https:\/\/www.european-institute.cz\/"},{"@type":"ListItem","position":2,"name":"EUROPEAN INSTITUTE partnerem 75. v\u00fdro\u010d\u00ed osvobozen\u00ed \u00dast\u00ed N. Labem a ukon\u010deni 2. sv\u011btov\u00e9 v\u00e1lky v Europ\u011b"}]},{"@type":"WebSite","@id":"https:\/\/www.european-institute.cz\/#website","url":"https:\/\/www.european-institute.cz\/","name":"EUROPEAN INSTITUTE","description":"","potentialAction":[{"@type":"SearchAction","target":{"@type":"EntryPoint","urlTemplate":"https:\/\/www.european-institute.cz\/?s={search_term_string}"},"query-input":{"@type":"PropertyValueSpecification","valueRequired":true,"valueName":"search_term_string"}}],"inLanguage":"en-GB"},{"@type":"Person","@id":"https:\/\/www.european-institute.cz\/#\/schema\/person\/392e21128d290a4032f121d3b99ff1ee","name":"EUROPEAN INSTITUTE","url":"https:\/\/www.european-institute.cz\/en\/author\/studijni\/"}]}},"_links":{"self":[{"href":"https:\/\/www.european-institute.cz\/en\/wp-json\/wp\/v2\/posts\/3194","targetHints":{"allow":["GET"]}}],"collection":[{"href":"https:\/\/www.european-institute.cz\/en\/wp-json\/wp\/v2\/posts"}],"about":[{"href":"https:\/\/www.european-institute.cz\/en\/wp-json\/wp\/v2\/types\/post"}],"author":[{"embeddable":true,"href":"https:\/\/www.european-institute.cz\/en\/wp-json\/wp\/v2\/users\/2"}],"replies":[{"embeddable":true,"href":"https:\/\/www.european-institute.cz\/en\/wp-json\/wp\/v2\/comments?post=3194"}],"version-history":[{"count":1,"href":"https:\/\/www.european-institute.cz\/en\/wp-json\/wp\/v2\/posts\/3194\/revisions"}],"predecessor-version":[{"id":3206,"href":"https:\/\/www.european-institute.cz\/en\/wp-json\/wp\/v2\/posts\/3194\/revisions\/3206"}],"wp:featuredmedia":[{"embeddable":true,"href":"https:\/\/www.european-institute.cz\/en\/wp-json\/wp\/v2\/media\/3199"}],"wp:attachment":[{"href":"https:\/\/www.european-institute.cz\/en\/wp-json\/wp\/v2\/media?parent=3194"}],"wp:term":[{"taxonomy":"category","embeddable":true,"href":"https:\/\/www.european-institute.cz\/en\/wp-json\/wp\/v2\/categories?post=3194"},{"taxonomy":"post_tag","embeddable":true,"href":"https:\/\/www.european-institute.cz\/en\/wp-json\/wp\/v2\/tags?post=3194"}],"curies":[{"name":"wp","href":"https:\/\/api.w.org\/{rel}","templated":true}]}}