{"id":323,"date":"2018-03-08T08:49:17","date_gmt":"2018-03-08T08:49:17","guid":{"rendered":"http:\/\/www.european-institute.cz\/?p=323"},"modified":"2018-03-08T08:49:17","modified_gmt":"2018-03-08T08:49:17","slug":"168-vyroci-narozeni-tomase-garrigua-masaryka","status":"publish","type":"post","link":"https:\/\/www.european-institute.cz\/en\/168-vyroci-narozeni-tomase-garrigua-masaryka\/","title":{"rendered":"168. v\u00fdro\u010d\u00ed narozen\u00ed Tom\u00e1\u0161e Garrigua Masaryka"},"content":{"rendered":"<p>Jednatel EUROPEAN INSTITUTE Ing. Vladislav Stanko, MBA spole\u010dn\u011b s premi\u00e9rem \u010cR p. Andrejem Babi\u0161em, p\u0159edsedou Sen\u00e1tu p. Milanem \u0160t\u011bchem, p\u0159edsedou Sn\u011bmovny p. Radkem, Vondr\u00e1\u010dkem, ministryn\u011b obrany Karlou \u0160lechtovou a \u0161irokou ve\u0159ejnost\u00ed uctili pietn\u00edm aktem p\u0159i p\u0159\u00edle\u017eitosti 168. v\u00fdro\u010d\u00ed narozen\u00ed prvn\u00edho \u010deskoslovensk\u00e9ho prezidenta pam\u00e1tku Tom\u00e1\u0161e Garrigua Masaryka u jeho hrobu na h\u0159bitov\u011b v L\u00e1nech. Prezident Milo\u0161 Zeman uctil pam\u00e1tku Tom\u00e1\u0161e Garrigua Masaryka u jeho hrobu na h\u0159bitov\u011b v L\u00e1nech je\u0161t\u011b p\u0159ed p\u0159\u00edjezdem \u00fastavn\u00edch \u010dinitel\u016f. P\u0159i pietn\u00edm aktu ho doprov\u00e1zela man\u017eelka Ivana. P\u0159i t\u00e9to p\u0159\u00edle\u017eitosti zazn\u011bla st\u00e1tn\u00ed hymna a obl\u00edben\u00e9 p\u00edsn\u011b prvn\u00edho \u010deskoslovensk\u00e9ho prezidenta Te\u010de voda, te\u010de a Ach synku, synku. Tom\u00e1\u0161 Garrigue Masaryk, v letech 1918 a\u017e 1935 prvn\u00ed prezident \u010ceskoslovenska, za\u010dal do L\u00e1n jako hlava st\u00e1tu jezdit od roku 1920. Tamn\u00ed z\u00e1mek byl vybr\u00e1n jako letn\u00ed s\u00eddlo prezidenta \u010ceskoslovensk\u00e9 republiky u\u017e v roce 1919. Masaryk zem\u0159el na l\u00e1nsk\u00e9m z\u00e1mku 14. z\u00e1\u0159\u00ed 1937 ve v\u011bku 87 let. Bylo to skoro dva roky pot\u00e9, co na prezidentsk\u00fd \u00fa\u0159ad ze zdravotn\u00edch d\u016fvod\u016f abdikoval. V L\u00e1nech je poh\u0159ben, stejn\u011b jako jeho man\u017eelka Charlotta, syn Jan a dcera Alice. V l\u00e1nsk\u00e9m z\u00e1mku bydlel v obdob\u00ed druh\u00e9 sv\u011btov\u00e9 v\u00e1lky i prezident Emil H\u00e1cha. Pot\u00e9 byl z\u00e1mek vyu\u017e\u00edv\u00e1n sporadicky, o jeho o\u017eiven\u00ed se postaral a\u017e prvn\u00ed polistopadov\u00fd prezident V\u00e1clav Havel. Z\u00e1mek pravideln\u011b nav\u0161t\u011bvoval i jeho n\u00e1stupce V\u00e1clav Klaus, stejn\u011b jako dosud Zeman. <\/p>\n<p>www.european-institute.cz<\/p>\n<p>Zdroje:<br \/>\n<a href=\"https:\/\/www.vlada.cz\/cz\/media-centrum\/ocekavane-udalosti\/7--brezna-2018-premier-babis-ucti-pamatku-t--g--masaryka-i-obeti-romskeho-holokaustu-163752\/\" rel=\"noopener\" target=\"_blank\">Vl\u00e1da \u010cR<\/a><br \/>\n<a href=\"http:\/\/www.ceskatelevize.cz\/ivysilani\/10101491767-studio-ct24\/218411058060307\" rel=\"noopener\" target=\"_blank\">\u010cesk\u00e1 televize<\/a><br \/>\n<a href=\"https:\/\/zpravy.idnes.cz\/prezident-milos-zeman-lany-hrbitov-hrob-masaryk-ful-\/domaci.aspx?c=A180307_094150_domaci_ane\" rel=\"noopener\" target=\"_blank\">iDnes.cz<\/a><br \/>\n<a href=\"http:\/\/www.ceskenoviny.cz\/zpravy\/prezident-zeman-polozil-venec-k-masarykovu-hrobu\/1594445\" rel=\"noopener\" target=\"_blank\">\u010cTK ceskenoviny.cz<\/a><br \/>\n<a href=\"https:\/\/www.novinky.cz\/domaci\/457692-babis-prijel-s-ministry-do-lan-poklonili-se-u-masarykova-hrobu.html\" rel=\"noopener\" target=\"_blank\">Novinky.cz<\/a><br \/>\n<a href=\"https:\/\/www.denik.cz\/z_domova\/uplynulo-168-let-od-masarykova-narozeni-zeman-i-politici-uctili-jeho-pamatku-20180307.html\" rel=\"noopener\" target=\"_blank\">Denik.cz<\/a><br \/>\n<a href=\"https:\/\/www.blesk.cz\/clanek\/zpravy-politika\/528791\/zeman-babis-a-stech-v-lanech-uctili-pamatku-t-g-masaryka-pro-policii-to-byly-manevry.html\" rel=\"noopener\" target=\"_blank\">Blesk.cz<\/a><\/p>","protected":false},"excerpt":{"rendered":"<p>Jednatel EUROPEAN INSTITUTE Ing. Vladislav Stanko, MBA spole\u010dn\u011b s premi\u00e9rem \u010cR p. Andrejem Babi\u0161em, p\u0159edsedou Sen\u00e1tu p. Milanem \u0160t\u011bchem, p\u0159edsedou Sn\u011bmovny p. Radkem, Vondr\u00e1\u010dkem, ministryn\u011b obrany Karlou \u0160lechtovou a \u0161irokou ve\u0159ejnost\u00ed uctili pietn\u00edm aktem p\u0159i p\u0159\u00edle\u017eitosti 168. v\u00fdro\u010d\u00ed narozen\u00ed prvn\u00edho &#8230;<\/p>","protected":false},"author":1,"featured_media":373,"comment_status":"open","ping_status":"open","sticky":false,"template":"","format":"standard","meta":{"footnotes":""},"categories":[2],"tags":[],"class_list":["post-323","post","type-post","status-publish","format-standard","has-post-thumbnail","hentry","category-inspirace"],"yoast_head":"<!-- This site is optimized with the Yoast SEO plugin v24.7 - https:\/\/yoast.com\/wordpress\/plugins\/seo\/ -->\n<title>168. v\u00fdro\u010d\u00ed narozen\u00ed Tom\u00e1\u0161e Garrigua Masaryka - EUROPEAN INSTITUTE<\/title>\n<meta name=\"robots\" content=\"index, follow, max-snippet:-1, max-image-preview:large, max-video-preview:-1\" \/>\n<link rel=\"canonical\" href=\"https:\/\/www.european-institute.cz\/en\/168-vyroci-narozeni-tomase-garrigua-masaryka\/\" \/>\n<meta property=\"og:locale\" content=\"en_GB\" \/>\n<meta property=\"og:type\" content=\"article\" \/>\n<meta property=\"og:title\" content=\"168. v\u00fdro\u010d\u00ed narozen\u00ed Tom\u00e1\u0161e Garrigua Masaryka - EUROPEAN INSTITUTE\" \/>\n<meta property=\"og:description\" content=\"Jednatel EUROPEAN INSTITUTE Ing. Vladislav Stanko, MBA spole\u010dn\u011b s premi\u00e9rem \u010cR p. Andrejem Babi\u0161em, p\u0159edsedou Sen\u00e1tu p. Milanem \u0160t\u011bchem, p\u0159edsedou Sn\u011bmovny p. Radkem, Vondr\u00e1\u010dkem, ministryn\u011b obrany Karlou \u0160lechtovou a \u0161irokou ve\u0159ejnost\u00ed uctili pietn\u00edm aktem p\u0159i p\u0159\u00edle\u017eitosti 168. v\u00fdro\u010d\u00ed narozen\u00ed prvn\u00edho ...\" \/>\n<meta property=\"og:url\" content=\"https:\/\/www.european-institute.cz\/en\/168-vyroci-narozeni-tomase-garrigua-masaryka\/\" \/>\n<meta property=\"og:site_name\" content=\"EUROPEAN INSTITUTE\" \/>\n<meta property=\"article:published_time\" content=\"2018-03-08T08:49:17+00:00\" \/>\n<meta property=\"og:image\" content=\"https:\/\/www.european-institute.cz\/wp-content\/uploads\/2018\/03\/4.jpg\" \/>\n\t<meta property=\"og:image:width\" content=\"1920\" \/>\n\t<meta property=\"og:image:height\" content=\"1080\" \/>\n\t<meta property=\"og:image:type\" content=\"image\/jpeg\" \/>\n<meta name=\"author\" content=\"EUI\" \/>\n<meta name=\"twitter:card\" content=\"summary_large_image\" \/>\n<meta name=\"twitter:label1\" content=\"Written by\" \/>\n\t<meta name=\"twitter:data1\" content=\"EUI\" \/>\n\t<meta name=\"twitter:label2\" content=\"Estimated reading time\" \/>\n\t<meta name=\"twitter:data2\" content=\"2 minutes\" \/>\n<script type=\"application\/ld+json\" class=\"yoast-schema-graph\">{\"@context\":\"https:\/\/schema.org\",\"@graph\":[{\"@type\":\"WebPage\",\"@id\":\"https:\/\/www.european-institute.cz\/168-vyroci-narozeni-tomase-garrigua-masaryka\/\",\"url\":\"https:\/\/www.european-institute.cz\/168-vyroci-narozeni-tomase-garrigua-masaryka\/\",\"name\":\"168. v\u00fdro\u010d\u00ed narozen\u00ed Tom\u00e1\u0161e Garrigua Masaryka - EUROPEAN INSTITUTE\",\"isPartOf\":{\"@id\":\"https:\/\/www.european-institute.cz\/#website\"},\"primaryImageOfPage\":{\"@id\":\"https:\/\/www.european-institute.cz\/168-vyroci-narozeni-tomase-garrigua-masaryka\/#primaryimage\"},\"image\":{\"@id\":\"https:\/\/www.european-institute.cz\/168-vyroci-narozeni-tomase-garrigua-masaryka\/#primaryimage\"},\"thumbnailUrl\":\"https:\/\/www.european-institute.cz\/wp-content\/uploads\/2018\/03\/4.jpg\",\"datePublished\":\"2018-03-08T08:49:17+00:00\",\"author\":{\"@id\":\"https:\/\/www.european-institute.cz\/#\/schema\/person\/b01cb719ea8f636e022294fcca0a67c4\"},\"breadcrumb\":{\"@id\":\"https:\/\/www.european-institute.cz\/168-vyroci-narozeni-tomase-garrigua-masaryka\/#breadcrumb\"},\"inLanguage\":\"en-GB\",\"potentialAction\":[{\"@type\":\"ReadAction\",\"target\":[\"https:\/\/www.european-institute.cz\/168-vyroci-narozeni-tomase-garrigua-masaryka\/\"]}]},{\"@type\":\"ImageObject\",\"inLanguage\":\"en-GB\",\"@id\":\"https:\/\/www.european-institute.cz\/168-vyroci-narozeni-tomase-garrigua-masaryka\/#primaryimage\",\"url\":\"https:\/\/www.european-institute.cz\/wp-content\/uploads\/2018\/03\/4.jpg\",\"contentUrl\":\"https:\/\/www.european-institute.cz\/wp-content\/uploads\/2018\/03\/4.jpg\",\"width\":1920,\"height\":1080,\"caption\":\"Pam\u00e1tka na Tom\u00e1\u0161e Garrigue Masaryka v L\u00e1nech\"},{\"@type\":\"BreadcrumbList\",\"@id\":\"https:\/\/www.european-institute.cz\/168-vyroci-narozeni-tomase-garrigua-masaryka\/#breadcrumb\",\"itemListElement\":[{\"@type\":\"ListItem\",\"position\":1,\"name\":\"Dom\u016f\",\"item\":\"https:\/\/www.european-institute.cz\/\"},{\"@type\":\"ListItem\",\"position\":2,\"name\":\"168. v\u00fdro\u010d\u00ed narozen\u00ed Tom\u00e1\u0161e Garrigua Masaryka\"}]},{\"@type\":\"WebSite\",\"@id\":\"https:\/\/www.european-institute.cz\/#website\",\"url\":\"https:\/\/www.european-institute.cz\/\",\"name\":\"EUROPEAN INSTITUTE\",\"description\":\"\",\"potentialAction\":[{\"@type\":\"SearchAction\",\"target\":{\"@type\":\"EntryPoint\",\"urlTemplate\":\"https:\/\/www.european-institute.cz\/?s={search_term_string}\"},\"query-input\":{\"@type\":\"PropertyValueSpecification\",\"valueRequired\":true,\"valueName\":\"search_term_string\"}}],\"inLanguage\":\"en-GB\"},{\"@type\":\"Person\",\"@id\":\"https:\/\/www.european-institute.cz\/#\/schema\/person\/b01cb719ea8f636e022294fcca0a67c4\",\"name\":\"EUI\",\"url\":\"https:\/\/www.european-institute.cz\/en\/author\/eui\/\"}]}<\/script>\n<!-- \/ Yoast SEO plugin. -->","yoast_head_json":{"title":"168. v\u00fdro\u010d\u00ed narozen\u00ed Tom\u00e1\u0161e Garrigua Masaryka - EUROPEAN INSTITUTE","robots":{"index":"index","follow":"follow","max-snippet":"max-snippet:-1","max-image-preview":"max-image-preview:large","max-video-preview":"max-video-preview:-1"},"canonical":"https:\/\/www.european-institute.cz\/en\/168-vyroci-narozeni-tomase-garrigua-masaryka\/","og_locale":"en_GB","og_type":"article","og_title":"168. v\u00fdro\u010d\u00ed narozen\u00ed Tom\u00e1\u0161e Garrigua Masaryka - EUROPEAN INSTITUTE","og_description":"Jednatel EUROPEAN INSTITUTE Ing. Vladislav Stanko, MBA spole\u010dn\u011b s premi\u00e9rem \u010cR p. Andrejem Babi\u0161em, p\u0159edsedou Sen\u00e1tu p. Milanem \u0160t\u011bchem, p\u0159edsedou Sn\u011bmovny p. Radkem, Vondr\u00e1\u010dkem, ministryn\u011b obrany Karlou \u0160lechtovou a \u0161irokou ve\u0159ejnost\u00ed uctili pietn\u00edm aktem p\u0159i p\u0159\u00edle\u017eitosti 168. v\u00fdro\u010d\u00ed narozen\u00ed prvn\u00edho ...","og_url":"https:\/\/www.european-institute.cz\/en\/168-vyroci-narozeni-tomase-garrigua-masaryka\/","og_site_name":"EUROPEAN INSTITUTE","article_published_time":"2018-03-08T08:49:17+00:00","og_image":[{"width":1920,"height":1080,"url":"https:\/\/www.european-institute.cz\/wp-content\/uploads\/2018\/03\/4.jpg","type":"image\/jpeg"}],"author":"EUI","twitter_card":"summary_large_image","twitter_misc":{"Written by":"EUI","Estimated reading time":"2 minutes"},"schema":{"@context":"https:\/\/schema.org","@graph":[{"@type":"WebPage","@id":"https:\/\/www.european-institute.cz\/168-vyroci-narozeni-tomase-garrigua-masaryka\/","url":"https:\/\/www.european-institute.cz\/168-vyroci-narozeni-tomase-garrigua-masaryka\/","name":"168. v\u00fdro\u010d\u00ed narozen\u00ed Tom\u00e1\u0161e Garrigua Masaryka - EUROPEAN INSTITUTE","isPartOf":{"@id":"https:\/\/www.european-institute.cz\/#website"},"primaryImageOfPage":{"@id":"https:\/\/www.european-institute.cz\/168-vyroci-narozeni-tomase-garrigua-masaryka\/#primaryimage"},"image":{"@id":"https:\/\/www.european-institute.cz\/168-vyroci-narozeni-tomase-garrigua-masaryka\/#primaryimage"},"thumbnailUrl":"https:\/\/www.european-institute.cz\/wp-content\/uploads\/2018\/03\/4.jpg","datePublished":"2018-03-08T08:49:17+00:00","author":{"@id":"https:\/\/www.european-institute.cz\/#\/schema\/person\/b01cb719ea8f636e022294fcca0a67c4"},"breadcrumb":{"@id":"https:\/\/www.european-institute.cz\/168-vyroci-narozeni-tomase-garrigua-masaryka\/#breadcrumb"},"inLanguage":"en-GB","potentialAction":[{"@type":"ReadAction","target":["https:\/\/www.european-institute.cz\/168-vyroci-narozeni-tomase-garrigua-masaryka\/"]}]},{"@type":"ImageObject","inLanguage":"en-GB","@id":"https:\/\/www.european-institute.cz\/168-vyroci-narozeni-tomase-garrigua-masaryka\/#primaryimage","url":"https:\/\/www.european-institute.cz\/wp-content\/uploads\/2018\/03\/4.jpg","contentUrl":"https:\/\/www.european-institute.cz\/wp-content\/uploads\/2018\/03\/4.jpg","width":1920,"height":1080,"caption":"Pam\u00e1tka na Tom\u00e1\u0161e Garrigue Masaryka v L\u00e1nech"},{"@type":"BreadcrumbList","@id":"https:\/\/www.european-institute.cz\/168-vyroci-narozeni-tomase-garrigua-masaryka\/#breadcrumb","itemListElement":[{"@type":"ListItem","position":1,"name":"Dom\u016f","item":"https:\/\/www.european-institute.cz\/"},{"@type":"ListItem","position":2,"name":"168. v\u00fdro\u010d\u00ed narozen\u00ed Tom\u00e1\u0161e Garrigua Masaryka"}]},{"@type":"WebSite","@id":"https:\/\/www.european-institute.cz\/#website","url":"https:\/\/www.european-institute.cz\/","name":"EUROPEAN INSTITUTE","description":"","potentialAction":[{"@type":"SearchAction","target":{"@type":"EntryPoint","urlTemplate":"https:\/\/www.european-institute.cz\/?s={search_term_string}"},"query-input":{"@type":"PropertyValueSpecification","valueRequired":true,"valueName":"search_term_string"}}],"inLanguage":"en-GB"},{"@type":"Person","@id":"https:\/\/www.european-institute.cz\/#\/schema\/person\/b01cb719ea8f636e022294fcca0a67c4","name":"EUI","url":"https:\/\/www.european-institute.cz\/en\/author\/eui\/"}]}},"_links":{"self":[{"href":"https:\/\/www.european-institute.cz\/en\/wp-json\/wp\/v2\/posts\/323","targetHints":{"allow":["GET"]}}],"collection":[{"href":"https:\/\/www.european-institute.cz\/en\/wp-json\/wp\/v2\/posts"}],"about":[{"href":"https:\/\/www.european-institute.cz\/en\/wp-json\/wp\/v2\/types\/post"}],"author":[{"embeddable":true,"href":"https:\/\/www.european-institute.cz\/en\/wp-json\/wp\/v2\/users\/1"}],"replies":[{"embeddable":true,"href":"https:\/\/www.european-institute.cz\/en\/wp-json\/wp\/v2\/comments?post=323"}],"version-history":[{"count":0,"href":"https:\/\/www.european-institute.cz\/en\/wp-json\/wp\/v2\/posts\/323\/revisions"}],"wp:featuredmedia":[{"embeddable":true,"href":"https:\/\/www.european-institute.cz\/en\/wp-json\/wp\/v2\/media\/373"}],"wp:attachment":[{"href":"https:\/\/www.european-institute.cz\/en\/wp-json\/wp\/v2\/media?parent=323"}],"wp:term":[{"taxonomy":"category","embeddable":true,"href":"https:\/\/www.european-institute.cz\/en\/wp-json\/wp\/v2\/categories?post=323"},{"taxonomy":"post_tag","embeddable":true,"href":"https:\/\/www.european-institute.cz\/en\/wp-json\/wp\/v2\/tags?post=323"}],"curies":[{"name":"wp","href":"https:\/\/api.w.org\/{rel}","templated":true}]}}