{"id":326,"date":"2018-03-19T09:01:11","date_gmt":"2018-03-19T09:01:11","guid":{"rendered":"http:\/\/www.european-institute.cz\/?p=326"},"modified":"2018-03-19T09:01:11","modified_gmt":"2018-03-19T09:01:11","slug":"premiera-dubceka-a-oslavenec-juraj-kukura","status":"publish","type":"post","link":"https:\/\/www.european-institute.cz\/en\/premiera-dubceka-a-oslavenec-juraj-kukura\/","title":{"rendered":"Premi\u00e9ra Dub\u010deka a osl\u00e1venec Juraj Kukura"},"content":{"rendered":"<p>Jednatel EUROPEAN INSTITUTE p. Ing, Vladislav Stanko, MBA, a slovensk\u00fd olympionik Mgr. Jozef Lohy\u0148a se 18. b\u0159ezna z\u00fa\u010dastnili premi\u00e9ry inscenace Dub\u010dek v Divadle Ar\u00e9na v Bratislav\u011b. P\u0159i t\u00e9to p\u0159\u00edle\u017eitosti srde\u010dn\u011b pop\u0159\u00e1li v\u00fdznamn\u00e9mu pre\u0161ovsk\u00e9mu rod\u00e1kovi p. Juraji Kukurovi k narozenin\u00e1m. <\/p>\n<figure id=\"attachment_328\" aria-describedby=\"caption-attachment-328\" style=\"width: 640px\" class=\"wp-caption alignnone\"><img loading=\"lazy\" decoding=\"async\" src=\"http:\/\/testovanie.balonovekytice.sk\/wp-content\/uploads\/2018\/05\/Oslavenec-Juraj-Kukura_Vladislav-Stanko-768x1024.jpg\" alt=\"\" width=\"640\" height=\"853\" class=\"size-large wp-image-328\" srcset=\"https:\/\/www.european-institute.cz\/wp-content\/uploads\/2018\/05\/Oslavenec-Juraj-Kukura_Vladislav-Stanko-768x1024.jpg 768w, https:\/\/www.european-institute.cz\/wp-content\/uploads\/2018\/05\/Oslavenec-Juraj-Kukura_Vladislav-Stanko-225x300.jpg 225w, https:\/\/www.european-institute.cz\/wp-content\/uploads\/2018\/05\/Oslavenec-Juraj-Kukura_Vladislav-Stanko.jpg 780w\" sizes=\"auto, (max-width: 640px) 100vw, 640px\" \/><figcaption id=\"caption-attachment-328\" class=\"wp-caption-text\">Oslavenec Juraj Kukura a Vladislav Stanko<\/figcaption><\/figure>\n<p>Ke gratulant\u016fm se p\u0159ipojili i dal\u0161\u00ed v\u00fdznamn\u00ed host\u00e9 a p\u0159\u00e1tele Maestra Kukury. Inscen\u00e1cia Dub\u010dek cez genera\u010dn\u00fa v\u00fdpove\u010f mlad\u00fdch hercov pripom\u00edna Alexandra Dub\u010deka, kontroverzn\u00fa osobnos\u0165 \u010desko-slovensk\u00fdch dej\u00edn a predstavite\u013ea socializmu s \u013eudskou tv\u00e1rou. Ide u\u017e o \u0161tvrt\u00fa hru z takzvan\u00e9ho Ob\u010dianskeho cyklu Divadla Ar\u00e9na, ktor\u00e1 chce pod\u013ea divadla \u201evyprovokova\u0165 historick\u00fa sebareflexiu a vyvola\u0165 spolo\u010densk\u00fa diskusiu\u201c. Riadite\u013e divadla Ar\u00e9na Juraj Kukura v\u0161ak hovor\u00ed, \u017ee v pr\u00edpade predstavenia #dub\u010dek nejde o politick\u00e9, ale genera\u010dn\u00e9 divadlo. <\/p>\n<figure id=\"attachment_329\" aria-describedby=\"caption-attachment-329\" style=\"width: 640px\" class=\"wp-caption alignnone\"><img loading=\"lazy\" decoding=\"async\" src=\"http:\/\/testovanie.balonovekytice.sk\/wp-content\/uploads\/2018\/05\/Premiera-incenacie-Dubcek-1024x768.jpg\" alt=\"\" width=\"640\" height=\"480\" class=\"size-large wp-image-329\" srcset=\"https:\/\/www.european-institute.cz\/wp-content\/uploads\/2018\/05\/Premiera-incenacie-Dubcek-1024x768.jpg 1024w, https:\/\/www.european-institute.cz\/wp-content\/uploads\/2018\/05\/Premiera-incenacie-Dubcek-300x225.jpg 300w, https:\/\/www.european-institute.cz\/wp-content\/uploads\/2018\/05\/Premiera-incenacie-Dubcek-768x576.jpg 768w, https:\/\/www.european-institute.cz\/wp-content\/uploads\/2018\/05\/Premiera-incenacie-Dubcek-800x600.jpg 800w, https:\/\/www.european-institute.cz\/wp-content\/uploads\/2018\/05\/Premiera-incenacie-Dubcek.jpg 1040w\" sizes=\"auto, (max-width: 640px) 100vw, 640px\" \/><figcaption id=\"caption-attachment-329\" class=\"wp-caption-text\">Premi\u00e9ra incenace Dub\u010dek v divadle Ar\u00e9na v Bratislave<\/figcaption><\/figure>\n<p>Inscen\u00e1cia sa pod\u013ea sc\u00e9naristu Klim\u00e1\u010dka dot\u00fdka aj aktu\u00e1lnej politickej situ\u00e1cie na Slovensku. \u201eTento rozmer do nej vniesli sami herci, z logick\u00fdch d\u00f4vodov nemohol by\u0165 u\u017e v jeden a pol roka vopred nap\u00edsanom scen\u00e1ri,\u201c vysvet\u013euje. \u201eInscen\u00e1ciu sme za\u010dali pripravova\u0165 v janu\u00e1rovom tichu, odvtedy sa situ\u00e1cia v na\u0161ej krajine podstatne zmenila,\u201c dop\u013a\u0148aj\u00fa dramaturgovia Martin Kubran a Sa\u0161a Sarva\u0161ov\u00e1. Aktu\u00e1lnos\u0165 hre dod\u00e1vaj\u00fa najm\u00e4 osobn\u00e9 v\u00fdpovede hercov \u2013 Mateja Maru\u0161ina, Mat\u00fa\u0161a Kvietika, Juraja Ba\u010du, Mari\u00e1na Chal\u00e1nyho a Alexandry Palat\u00ednusovej. Tie sa pod\u013ea Ba\u010du, ktor\u00fd hr\u00e1 Gust\u00e1va Hus\u00e1ka, m\u00f4\u017eu trochu meni\u0165, aby reagovali na moment\u00e1lny stav spolo\u010dnosti. \u201eA to je aj poslan\u00edm divadla \u2013 reagova\u0165,\u201c povedal.<\/p>\n<p>Zdroj:<br \/>\n<a href=\"https:\/\/www.divadloarena.sk\/sk\/predstavenia\/dubcek\">divadloarena.sk<\/a><br \/>\n<a href=\"http:\/\/bratislava.dnes24.sk\/dubcek-v-divadle-arena-v-inscenacii-reaguju-mladi-herci-aj-na-sucasne-politicke-dianie-294173\">bratislava.dnes24.sk<\/a><\/p>","protected":false},"excerpt":{"rendered":"<p>Jednatel EUROPEAN INSTITUTE p. Ing, Vladislav Stanko, MBA, a slovensk\u00fd olympionik Mgr. Jozef Lohy\u0148a se 18. b\u0159ezna z\u00fa\u010dastnili premi\u00e9ry inscenace Dub\u010dek v Divadle Ar\u00e9na v Bratislav\u011b. P\u0159i t\u00e9to p\u0159\u00edle\u017eitosti srde\u010dn\u011b pop\u0159\u00e1li v\u00fdznamn\u00e9mu pre\u0161ovsk\u00e9mu rod\u00e1kovi p. Juraji Kukurovi k narozenin\u00e1m. Ke &#8230;<\/p>","protected":false},"author":1,"featured_media":371,"comment_status":"open","ping_status":"open","sticky":false,"template":"","format":"standard","meta":{"footnotes":""},"categories":[2],"tags":[],"class_list":["post-326","post","type-post","status-publish","format-standard","has-post-thumbnail","hentry","category-inspirace"],"yoast_head":"<!-- This site is optimized with the Yoast SEO plugin v24.7 - https:\/\/yoast.com\/wordpress\/plugins\/seo\/ -->\n<title>Premi\u00e9ra Dub\u010deka a osl\u00e1venec Juraj Kukura - EUROPEAN INSTITUTE<\/title>\n<meta name=\"robots\" content=\"index, follow, max-snippet:-1, max-image-preview:large, max-video-preview:-1\" \/>\n<link rel=\"canonical\" href=\"https:\/\/www.european-institute.cz\/en\/premiera-dubceka-a-oslavenec-juraj-kukura\/\" \/>\n<meta property=\"og:locale\" content=\"en_GB\" \/>\n<meta property=\"og:type\" content=\"article\" \/>\n<meta property=\"og:title\" content=\"Premi\u00e9ra Dub\u010deka a osl\u00e1venec Juraj Kukura - EUROPEAN INSTITUTE\" \/>\n<meta property=\"og:description\" content=\"Jednatel EUROPEAN INSTITUTE p. Ing, Vladislav Stanko, MBA, a slovensk\u00fd olympionik Mgr. Jozef Lohy\u0148a se 18. b\u0159ezna z\u00fa\u010dastnili premi\u00e9ry inscenace Dub\u010dek v Divadle Ar\u00e9na v Bratislav\u011b. P\u0159i t\u00e9to p\u0159\u00edle\u017eitosti srde\u010dn\u011b pop\u0159\u00e1li v\u00fdznamn\u00e9mu pre\u0161ovsk\u00e9mu rod\u00e1kovi p. Juraji Kukurovi k narozenin\u00e1m. Ke ...\" \/>\n<meta property=\"og:url\" content=\"https:\/\/www.european-institute.cz\/en\/premiera-dubceka-a-oslavenec-juraj-kukura\/\" \/>\n<meta property=\"og:site_name\" content=\"EUROPEAN INSTITUTE\" \/>\n<meta property=\"article:published_time\" content=\"2018-03-19T09:01:11+00:00\" \/>\n<meta property=\"og:image\" content=\"https:\/\/www.european-institute.cz\/wp-content\/uploads\/2018\/03\/3.jpg\" \/>\n\t<meta property=\"og:image:width\" content=\"1920\" \/>\n\t<meta property=\"og:image:height\" content=\"1080\" \/>\n\t<meta property=\"og:image:type\" content=\"image\/jpeg\" \/>\n<meta name=\"author\" content=\"EUI\" \/>\n<meta name=\"twitter:card\" content=\"summary_large_image\" \/>\n<meta name=\"twitter:label1\" content=\"Written by\" \/>\n\t<meta name=\"twitter:data1\" content=\"EUI\" \/>\n\t<meta name=\"twitter:label2\" content=\"Estimated reading time\" \/>\n\t<meta name=\"twitter:data2\" content=\"2 minutes\" \/>\n<script type=\"application\/ld+json\" class=\"yoast-schema-graph\">{\"@context\":\"https:\/\/schema.org\",\"@graph\":[{\"@type\":\"WebPage\",\"@id\":\"https:\/\/www.european-institute.cz\/premiera-dubceka-a-oslavenec-juraj-kukura\/\",\"url\":\"https:\/\/www.european-institute.cz\/premiera-dubceka-a-oslavenec-juraj-kukura\/\",\"name\":\"Premi\u00e9ra Dub\u010deka a osl\u00e1venec Juraj Kukura - EUROPEAN INSTITUTE\",\"isPartOf\":{\"@id\":\"https:\/\/www.european-institute.cz\/#website\"},\"primaryImageOfPage\":{\"@id\":\"https:\/\/www.european-institute.cz\/premiera-dubceka-a-oslavenec-juraj-kukura\/#primaryimage\"},\"image\":{\"@id\":\"https:\/\/www.european-institute.cz\/premiera-dubceka-a-oslavenec-juraj-kukura\/#primaryimage\"},\"thumbnailUrl\":\"https:\/\/www.european-institute.cz\/wp-content\/uploads\/2018\/03\/3.jpg\",\"datePublished\":\"2018-03-19T09:01:11+00:00\",\"author\":{\"@id\":\"https:\/\/www.european-institute.cz\/#\/schema\/person\/b01cb719ea8f636e022294fcca0a67c4\"},\"breadcrumb\":{\"@id\":\"https:\/\/www.european-institute.cz\/premiera-dubceka-a-oslavenec-juraj-kukura\/#breadcrumb\"},\"inLanguage\":\"en-GB\",\"potentialAction\":[{\"@type\":\"ReadAction\",\"target\":[\"https:\/\/www.european-institute.cz\/premiera-dubceka-a-oslavenec-juraj-kukura\/\"]}]},{\"@type\":\"ImageObject\",\"inLanguage\":\"en-GB\",\"@id\":\"https:\/\/www.european-institute.cz\/premiera-dubceka-a-oslavenec-juraj-kukura\/#primaryimage\",\"url\":\"https:\/\/www.european-institute.cz\/wp-content\/uploads\/2018\/03\/3.jpg\",\"contentUrl\":\"https:\/\/www.european-institute.cz\/wp-content\/uploads\/2018\/03\/3.jpg\",\"width\":1920,\"height\":1080,\"caption\":\"Juraj Kukura, Jozef Lohy\u0148a, Vladislav Stanko\"},{\"@type\":\"BreadcrumbList\",\"@id\":\"https:\/\/www.european-institute.cz\/premiera-dubceka-a-oslavenec-juraj-kukura\/#breadcrumb\",\"itemListElement\":[{\"@type\":\"ListItem\",\"position\":1,\"name\":\"Dom\u016f\",\"item\":\"https:\/\/www.european-institute.cz\/\"},{\"@type\":\"ListItem\",\"position\":2,\"name\":\"Premi\u00e9ra Dub\u010deka a osl\u00e1venec Juraj Kukura\"}]},{\"@type\":\"WebSite\",\"@id\":\"https:\/\/www.european-institute.cz\/#website\",\"url\":\"https:\/\/www.european-institute.cz\/\",\"name\":\"EUROPEAN INSTITUTE\",\"description\":\"\",\"potentialAction\":[{\"@type\":\"SearchAction\",\"target\":{\"@type\":\"EntryPoint\",\"urlTemplate\":\"https:\/\/www.european-institute.cz\/?s={search_term_string}\"},\"query-input\":{\"@type\":\"PropertyValueSpecification\",\"valueRequired\":true,\"valueName\":\"search_term_string\"}}],\"inLanguage\":\"en-GB\"},{\"@type\":\"Person\",\"@id\":\"https:\/\/www.european-institute.cz\/#\/schema\/person\/b01cb719ea8f636e022294fcca0a67c4\",\"name\":\"EUI\",\"url\":\"https:\/\/www.european-institute.cz\/en\/author\/eui\/\"}]}<\/script>\n<!-- \/ Yoast SEO plugin. -->","yoast_head_json":{"title":"Premi\u00e9ra Dub\u010deka a osl\u00e1venec Juraj Kukura - EUROPEAN INSTITUTE","robots":{"index":"index","follow":"follow","max-snippet":"max-snippet:-1","max-image-preview":"max-image-preview:large","max-video-preview":"max-video-preview:-1"},"canonical":"https:\/\/www.european-institute.cz\/en\/premiera-dubceka-a-oslavenec-juraj-kukura\/","og_locale":"en_GB","og_type":"article","og_title":"Premi\u00e9ra Dub\u010deka a osl\u00e1venec Juraj Kukura - EUROPEAN INSTITUTE","og_description":"Jednatel EUROPEAN INSTITUTE p. Ing, Vladislav Stanko, MBA, a slovensk\u00fd olympionik Mgr. Jozef Lohy\u0148a se 18. b\u0159ezna z\u00fa\u010dastnili premi\u00e9ry inscenace Dub\u010dek v Divadle Ar\u00e9na v Bratislav\u011b. P\u0159i t\u00e9to p\u0159\u00edle\u017eitosti srde\u010dn\u011b pop\u0159\u00e1li v\u00fdznamn\u00e9mu pre\u0161ovsk\u00e9mu rod\u00e1kovi p. Juraji Kukurovi k narozenin\u00e1m. Ke ...","og_url":"https:\/\/www.european-institute.cz\/en\/premiera-dubceka-a-oslavenec-juraj-kukura\/","og_site_name":"EUROPEAN INSTITUTE","article_published_time":"2018-03-19T09:01:11+00:00","og_image":[{"width":1920,"height":1080,"url":"https:\/\/www.european-institute.cz\/wp-content\/uploads\/2018\/03\/3.jpg","type":"image\/jpeg"}],"author":"EUI","twitter_card":"summary_large_image","twitter_misc":{"Written by":"EUI","Estimated reading time":"2 minutes"},"schema":{"@context":"https:\/\/schema.org","@graph":[{"@type":"WebPage","@id":"https:\/\/www.european-institute.cz\/premiera-dubceka-a-oslavenec-juraj-kukura\/","url":"https:\/\/www.european-institute.cz\/premiera-dubceka-a-oslavenec-juraj-kukura\/","name":"Premi\u00e9ra Dub\u010deka a osl\u00e1venec Juraj Kukura - EUROPEAN INSTITUTE","isPartOf":{"@id":"https:\/\/www.european-institute.cz\/#website"},"primaryImageOfPage":{"@id":"https:\/\/www.european-institute.cz\/premiera-dubceka-a-oslavenec-juraj-kukura\/#primaryimage"},"image":{"@id":"https:\/\/www.european-institute.cz\/premiera-dubceka-a-oslavenec-juraj-kukura\/#primaryimage"},"thumbnailUrl":"https:\/\/www.european-institute.cz\/wp-content\/uploads\/2018\/03\/3.jpg","datePublished":"2018-03-19T09:01:11+00:00","author":{"@id":"https:\/\/www.european-institute.cz\/#\/schema\/person\/b01cb719ea8f636e022294fcca0a67c4"},"breadcrumb":{"@id":"https:\/\/www.european-institute.cz\/premiera-dubceka-a-oslavenec-juraj-kukura\/#breadcrumb"},"inLanguage":"en-GB","potentialAction":[{"@type":"ReadAction","target":["https:\/\/www.european-institute.cz\/premiera-dubceka-a-oslavenec-juraj-kukura\/"]}]},{"@type":"ImageObject","inLanguage":"en-GB","@id":"https:\/\/www.european-institute.cz\/premiera-dubceka-a-oslavenec-juraj-kukura\/#primaryimage","url":"https:\/\/www.european-institute.cz\/wp-content\/uploads\/2018\/03\/3.jpg","contentUrl":"https:\/\/www.european-institute.cz\/wp-content\/uploads\/2018\/03\/3.jpg","width":1920,"height":1080,"caption":"Juraj Kukura, Jozef Lohy\u0148a, Vladislav Stanko"},{"@type":"BreadcrumbList","@id":"https:\/\/www.european-institute.cz\/premiera-dubceka-a-oslavenec-juraj-kukura\/#breadcrumb","itemListElement":[{"@type":"ListItem","position":1,"name":"Dom\u016f","item":"https:\/\/www.european-institute.cz\/"},{"@type":"ListItem","position":2,"name":"Premi\u00e9ra Dub\u010deka a osl\u00e1venec Juraj Kukura"}]},{"@type":"WebSite","@id":"https:\/\/www.european-institute.cz\/#website","url":"https:\/\/www.european-institute.cz\/","name":"EUROPEAN INSTITUTE","description":"","potentialAction":[{"@type":"SearchAction","target":{"@type":"EntryPoint","urlTemplate":"https:\/\/www.european-institute.cz\/?s={search_term_string}"},"query-input":{"@type":"PropertyValueSpecification","valueRequired":true,"valueName":"search_term_string"}}],"inLanguage":"en-GB"},{"@type":"Person","@id":"https:\/\/www.european-institute.cz\/#\/schema\/person\/b01cb719ea8f636e022294fcca0a67c4","name":"EUI","url":"https:\/\/www.european-institute.cz\/en\/author\/eui\/"}]}},"_links":{"self":[{"href":"https:\/\/www.european-institute.cz\/en\/wp-json\/wp\/v2\/posts\/326","targetHints":{"allow":["GET"]}}],"collection":[{"href":"https:\/\/www.european-institute.cz\/en\/wp-json\/wp\/v2\/posts"}],"about":[{"href":"https:\/\/www.european-institute.cz\/en\/wp-json\/wp\/v2\/types\/post"}],"author":[{"embeddable":true,"href":"https:\/\/www.european-institute.cz\/en\/wp-json\/wp\/v2\/users\/1"}],"replies":[{"embeddable":true,"href":"https:\/\/www.european-institute.cz\/en\/wp-json\/wp\/v2\/comments?post=326"}],"version-history":[{"count":0,"href":"https:\/\/www.european-institute.cz\/en\/wp-json\/wp\/v2\/posts\/326\/revisions"}],"wp:featuredmedia":[{"embeddable":true,"href":"https:\/\/www.european-institute.cz\/en\/wp-json\/wp\/v2\/media\/371"}],"wp:attachment":[{"href":"https:\/\/www.european-institute.cz\/en\/wp-json\/wp\/v2\/media?parent=326"}],"wp:term":[{"taxonomy":"category","embeddable":true,"href":"https:\/\/www.european-institute.cz\/en\/wp-json\/wp\/v2\/categories?post=326"},{"taxonomy":"post_tag","embeddable":true,"href":"https:\/\/www.european-institute.cz\/en\/wp-json\/wp\/v2\/tags?post=326"}],"curies":[{"name":"wp","href":"https:\/\/api.w.org\/{rel}","templated":true}]}}