{"id":3699,"date":"2023-06-19T16:24:22","date_gmt":"2023-06-19T14:24:22","guid":{"rendered":"https:\/\/www.european-institute.cz\/?p=3699"},"modified":"2023-12-11T16:32:10","modified_gmt":"2023-12-11T15:32:10","slug":"trebbia-2023","status":"publish","type":"post","link":"https:\/\/www.european-institute.cz\/en\/trebbia-2023\/","title":{"rendered":"TREBBIA 2023"},"content":{"rendered":"<blockquote><p>Nadace Trebbia ve spolupr\u00e1ci s Galeri\u00ed MIRO uspo\u0159\u00e1dala 21. ro\u010dn\u00edk Mezin\u00e1rodn\u00edho ceremoni\u00e1lu p\u0159ed\u00e1v\u00e1n\u00ed cen Trebbia.<\/p><\/blockquote>\n<p>&nbsp;<\/p>\n<p>Galave\u010der se uskute\u010dnil v ned\u011bli 18. \u010dervna 2023 ve \u0160pan\u011blsk\u00e9m s\u00e1le Pra\u017esk\u00e9ho hradu v Praze. Ceremoni\u00e1l p\u0159en\u00e1\u0161ela \u017eiv\u011b \u010cesk\u00e1 televize a Slovensk\u00e1 televize v anglick\u00e9m simult\u00e1nn\u00edm p\u0159ekladu prost\u0159ednictv\u00edm Youtube kan\u00e1lu Trebbia Foundation do cel\u00e9ho sv\u011bta. Repr\u00edzu gala Trebbia odvys\u00edlala o t\u00fdden pozd\u011bji TV Noe v \u010cesk\u00e9 republice a na Slovensku.<\/p>\n<p>https:\/\/www.ceskatelevize.cz\/porady\/14991430859-trebbia\/22354215050\/<\/p>\n<p>&nbsp;<\/p>\n<p style=\"text-align: center;\"><strong>EUROPEAN INSTITUTE byl hlavn\u00ed partner t\u00e9to akce.<\/strong><\/p>\n<p>&nbsp;<\/p>","protected":false},"excerpt":{"rendered":"<p>Nadace Trebbia ve spolupr\u00e1ci s Galeri\u00ed MIRO uspo\u0159\u00e1dala 21. ro\u010dn\u00edk Mezin\u00e1rodn\u00edho ceremoni\u00e1lu p\u0159ed\u00e1v\u00e1n\u00ed cen Trebbia. &nbsp; Galave\u010der se uskute\u010dnil v ned\u011bli 18. \u010dervna 2023 ve \u0160pan\u011blsk\u00e9m s\u00e1le Pra\u017esk\u00e9ho hradu v Praze. Ceremoni\u00e1l p\u0159en\u00e1\u0161ela \u017eiv\u011b \u010cesk\u00e1 televize a Slovensk\u00e1 televize v &#8230;<\/p>","protected":false},"author":2,"featured_media":0,"comment_status":"closed","ping_status":"closed","sticky":false,"template":"","format":"standard","meta":{"footnotes":""},"categories":[1],"tags":[],"class_list":["post-3699","post","type-post","status-publish","format-standard","hentry","category-nezarazene"],"yoast_head":"<!-- This site is optimized with the Yoast SEO plugin v24.7 - https:\/\/yoast.com\/wordpress\/plugins\/seo\/ -->\n<title>TREBBIA 2023 - EUROPEAN INSTITUTE<\/title>\n<meta name=\"robots\" content=\"index, follow, max-snippet:-1, max-image-preview:large, max-video-preview:-1\" \/>\n<link rel=\"canonical\" href=\"https:\/\/www.european-institute.cz\/en\/trebbia-2023\/\" \/>\n<meta property=\"og:locale\" content=\"en_GB\" \/>\n<meta property=\"og:type\" content=\"article\" \/>\n<meta property=\"og:title\" content=\"TREBBIA 2023 - EUROPEAN INSTITUTE\" \/>\n<meta property=\"og:description\" content=\"Nadace Trebbia ve spolupr\u00e1ci s Galeri\u00ed MIRO uspo\u0159\u00e1dala 21. ro\u010dn\u00edk Mezin\u00e1rodn\u00edho ceremoni\u00e1lu p\u0159ed\u00e1v\u00e1n\u00ed cen Trebbia. &nbsp; Galave\u010der se uskute\u010dnil v ned\u011bli 18. \u010dervna 2023 ve \u0160pan\u011blsk\u00e9m s\u00e1le Pra\u017esk\u00e9ho hradu v Praze. Ceremoni\u00e1l p\u0159en\u00e1\u0161ela \u017eiv\u011b \u010cesk\u00e1 televize a Slovensk\u00e1 televize v ...\" \/>\n<meta property=\"og:url\" content=\"https:\/\/www.european-institute.cz\/en\/trebbia-2023\/\" \/>\n<meta property=\"og:site_name\" content=\"EUROPEAN INSTITUTE\" \/>\n<meta property=\"article:published_time\" content=\"2023-06-19T14:24:22+00:00\" \/>\n<meta property=\"article:modified_time\" content=\"2023-12-11T15:32:10+00:00\" \/>\n<meta name=\"author\" content=\"EUROPEAN INSTITUTE\" \/>\n<meta name=\"twitter:card\" content=\"summary_large_image\" \/>\n<meta name=\"twitter:label1\" content=\"Written by\" \/>\n\t<meta name=\"twitter:data1\" content=\"EUROPEAN INSTITUTE\" \/>\n\t<meta name=\"twitter:label2\" content=\"Estimated reading time\" \/>\n\t<meta name=\"twitter:data2\" content=\"1 minute\" \/>\n<script type=\"application\/ld+json\" class=\"yoast-schema-graph\">{\"@context\":\"https:\/\/schema.org\",\"@graph\":[{\"@type\":\"WebPage\",\"@id\":\"https:\/\/www.european-institute.cz\/trebbia-2023\/\",\"url\":\"https:\/\/www.european-institute.cz\/trebbia-2023\/\",\"name\":\"TREBBIA 2023 - EUROPEAN INSTITUTE\",\"isPartOf\":{\"@id\":\"https:\/\/www.european-institute.cz\/#website\"},\"datePublished\":\"2023-06-19T14:24:22+00:00\",\"dateModified\":\"2023-12-11T15:32:10+00:00\",\"author\":{\"@id\":\"https:\/\/www.european-institute.cz\/#\/schema\/person\/392e21128d290a4032f121d3b99ff1ee\"},\"breadcrumb\":{\"@id\":\"https:\/\/www.european-institute.cz\/trebbia-2023\/#breadcrumb\"},\"inLanguage\":\"en-GB\",\"potentialAction\":[{\"@type\":\"ReadAction\",\"target\":[\"https:\/\/www.european-institute.cz\/trebbia-2023\/\"]}]},{\"@type\":\"BreadcrumbList\",\"@id\":\"https:\/\/www.european-institute.cz\/trebbia-2023\/#breadcrumb\",\"itemListElement\":[{\"@type\":\"ListItem\",\"position\":1,\"name\":\"Dom\u016f\",\"item\":\"https:\/\/www.european-institute.cz\/\"},{\"@type\":\"ListItem\",\"position\":2,\"name\":\"TREBBIA 2023\"}]},{\"@type\":\"WebSite\",\"@id\":\"https:\/\/www.european-institute.cz\/#website\",\"url\":\"https:\/\/www.european-institute.cz\/\",\"name\":\"EUROPEAN INSTITUTE\",\"description\":\"\",\"potentialAction\":[{\"@type\":\"SearchAction\",\"target\":{\"@type\":\"EntryPoint\",\"urlTemplate\":\"https:\/\/www.european-institute.cz\/?s={search_term_string}\"},\"query-input\":{\"@type\":\"PropertyValueSpecification\",\"valueRequired\":true,\"valueName\":\"search_term_string\"}}],\"inLanguage\":\"en-GB\"},{\"@type\":\"Person\",\"@id\":\"https:\/\/www.european-institute.cz\/#\/schema\/person\/392e21128d290a4032f121d3b99ff1ee\",\"name\":\"EUROPEAN INSTITUTE\",\"url\":\"https:\/\/www.european-institute.cz\/en\/author\/studijni\/\"}]}<\/script>\n<!-- \/ Yoast SEO plugin. -->","yoast_head_json":{"title":"TREBBIA 2023 - EUROPEAN INSTITUTE","robots":{"index":"index","follow":"follow","max-snippet":"max-snippet:-1","max-image-preview":"max-image-preview:large","max-video-preview":"max-video-preview:-1"},"canonical":"https:\/\/www.european-institute.cz\/en\/trebbia-2023\/","og_locale":"en_GB","og_type":"article","og_title":"TREBBIA 2023 - EUROPEAN INSTITUTE","og_description":"Nadace Trebbia ve spolupr\u00e1ci s Galeri\u00ed MIRO uspo\u0159\u00e1dala 21. ro\u010dn\u00edk Mezin\u00e1rodn\u00edho ceremoni\u00e1lu p\u0159ed\u00e1v\u00e1n\u00ed cen Trebbia. &nbsp; Galave\u010der se uskute\u010dnil v ned\u011bli 18. \u010dervna 2023 ve \u0160pan\u011blsk\u00e9m s\u00e1le Pra\u017esk\u00e9ho hradu v Praze. Ceremoni\u00e1l p\u0159en\u00e1\u0161ela \u017eiv\u011b \u010cesk\u00e1 televize a Slovensk\u00e1 televize v ...","og_url":"https:\/\/www.european-institute.cz\/en\/trebbia-2023\/","og_site_name":"EUROPEAN INSTITUTE","article_published_time":"2023-06-19T14:24:22+00:00","article_modified_time":"2023-12-11T15:32:10+00:00","author":"EUROPEAN INSTITUTE","twitter_card":"summary_large_image","twitter_misc":{"Written by":"EUROPEAN INSTITUTE","Estimated reading time":"1 minute"},"schema":{"@context":"https:\/\/schema.org","@graph":[{"@type":"WebPage","@id":"https:\/\/www.european-institute.cz\/trebbia-2023\/","url":"https:\/\/www.european-institute.cz\/trebbia-2023\/","name":"TREBBIA 2023 - EUROPEAN INSTITUTE","isPartOf":{"@id":"https:\/\/www.european-institute.cz\/#website"},"datePublished":"2023-06-19T14:24:22+00:00","dateModified":"2023-12-11T15:32:10+00:00","author":{"@id":"https:\/\/www.european-institute.cz\/#\/schema\/person\/392e21128d290a4032f121d3b99ff1ee"},"breadcrumb":{"@id":"https:\/\/www.european-institute.cz\/trebbia-2023\/#breadcrumb"},"inLanguage":"en-GB","potentialAction":[{"@type":"ReadAction","target":["https:\/\/www.european-institute.cz\/trebbia-2023\/"]}]},{"@type":"BreadcrumbList","@id":"https:\/\/www.european-institute.cz\/trebbia-2023\/#breadcrumb","itemListElement":[{"@type":"ListItem","position":1,"name":"Dom\u016f","item":"https:\/\/www.european-institute.cz\/"},{"@type":"ListItem","position":2,"name":"TREBBIA 2023"}]},{"@type":"WebSite","@id":"https:\/\/www.european-institute.cz\/#website","url":"https:\/\/www.european-institute.cz\/","name":"EUROPEAN INSTITUTE","description":"","potentialAction":[{"@type":"SearchAction","target":{"@type":"EntryPoint","urlTemplate":"https:\/\/www.european-institute.cz\/?s={search_term_string}"},"query-input":{"@type":"PropertyValueSpecification","valueRequired":true,"valueName":"search_term_string"}}],"inLanguage":"en-GB"},{"@type":"Person","@id":"https:\/\/www.european-institute.cz\/#\/schema\/person\/392e21128d290a4032f121d3b99ff1ee","name":"EUROPEAN INSTITUTE","url":"https:\/\/www.european-institute.cz\/en\/author\/studijni\/"}]}},"_links":{"self":[{"href":"https:\/\/www.european-institute.cz\/en\/wp-json\/wp\/v2\/posts\/3699","targetHints":{"allow":["GET"]}}],"collection":[{"href":"https:\/\/www.european-institute.cz\/en\/wp-json\/wp\/v2\/posts"}],"about":[{"href":"https:\/\/www.european-institute.cz\/en\/wp-json\/wp\/v2\/types\/post"}],"author":[{"embeddable":true,"href":"https:\/\/www.european-institute.cz\/en\/wp-json\/wp\/v2\/users\/2"}],"replies":[{"embeddable":true,"href":"https:\/\/www.european-institute.cz\/en\/wp-json\/wp\/v2\/comments?post=3699"}],"version-history":[{"count":1,"href":"https:\/\/www.european-institute.cz\/en\/wp-json\/wp\/v2\/posts\/3699\/revisions"}],"predecessor-version":[{"id":3700,"href":"https:\/\/www.european-institute.cz\/en\/wp-json\/wp\/v2\/posts\/3699\/revisions\/3700"}],"wp:attachment":[{"href":"https:\/\/www.european-institute.cz\/en\/wp-json\/wp\/v2\/media?parent=3699"}],"wp:term":[{"taxonomy":"category","embeddable":true,"href":"https:\/\/www.european-institute.cz\/en\/wp-json\/wp\/v2\/categories?post=3699"},{"taxonomy":"post_tag","embeddable":true,"href":"https:\/\/www.european-institute.cz\/en\/wp-json\/wp\/v2\/tags?post=3699"}],"curies":[{"name":"wp","href":"https:\/\/api.w.org\/{rel}","templated":true}]}}