{"id":3957,"date":"2025-12-01T10:55:23","date_gmt":"2025-12-01T09:55:23","guid":{"rendered":"https:\/\/www.european-institute.cz\/?p=3957"},"modified":"2026-01-24T14:42:30","modified_gmt":"2026-01-24T13:42:30","slug":"oslava-zalozeni-samostatne-ceskoslovenske-republiky-107-vyroci-28-10-2025-29-10-2025","status":"publish","type":"post","link":"https:\/\/www.european-institute.cz\/en\/oslava-zalozeni-samostatne-ceskoslovenske-republiky-107-vyroci-28-10-2025-29-10-2025\/","title":{"rendered":"OSLAVA ZALO\u017dEN\u00cd SAMOSTATN\u00c9 \u010cESKOSLOVENSK\u00c9 REPUBLIKY \u2013 107. V\u00ddRO\u010c\u00cd  28.10.2025 \u2013 29.10.2025"},"content":{"rendered":"<h3 style=\"text-align: left;\"><strong>\u0160tef\u00e1nikova hv\u011bzd\u00e1rna &#8211; Muzeum TGM v\u00a0L\u00e1nech &#8211; Akademie v\u011bd \u010cR<\/strong><\/h3>\n<p style=\"text-align: left;\"><strong>Zapsan\u00fd spolek \u010cSR \u2013 \u010ceskoslovensk\u00e9 renom\u00e9 a EUROPEAN INSTITUTE Prague tento rok ji\u017e po sedmn\u00e1ct\u00e9 uspo\u0159\u00e1daly ve spolupr\u00e1ci s tradi\u010dn\u00edmi partnery \u2013 Muzeem TGM a spole\u010dnost\u00ed M.R. \u0160tef\u00e1nika \u2013 tradi\u010dn\u00ed OSLAVU ZALO\u017dEN\u00cd SAMOSTATN\u00c9 \u010cESKOSLOVENSK\u00c9 REPUBLIKY \u2013 107. V\u00ddRO\u010c\u00cd.\u00a0 <\/strong><\/p>\n<p style=\"text-align: left;\"><strong>Akci podpo\u0159ili z\u00e1\u0161titou \u2013 p\u0159edseda vl\u00e1dy \u010cR, velvyslanec SR v \u010cR, velvyslanec \u010cR v SR, n\u00e1m\u011bstek prim\u00e1tora Prahy, starosta M\u010c Prahy 6 a prezident Hospod\u00e1\u0159sk\u00e9 komory v \u010cR a predsedn\u00ed\u010dka \u00faradu pre slov\u00e1kov \u017eij\u00facich v zahrani\u010d\u00ed.<\/strong><\/p>\n<p>&nbsp;<\/p>\n<div id='gallery-1' class='gallery galleryid-3957 gallery-columns-2 gallery-size-large'><figure class='gallery-item'>\n\t\t\t<div class='gallery-icon portrait'>\n\t\t\t\t<a href='https:\/\/www.european-institute.cz\/en\/img-20251026-wa0002\/'><img loading=\"lazy\" decoding=\"async\" width=\"725\" height=\"1024\" src=\"https:\/\/www.european-institute.cz\/wp-content\/uploads\/2025\/11\/IMG-20251026-WA0002-725x1024.jpg\" class=\"attachment-large size-large\" alt=\"\" srcset=\"https:\/\/www.european-institute.cz\/wp-content\/uploads\/2025\/11\/IMG-20251026-WA0002-725x1024.jpg 725w, https:\/\/www.european-institute.cz\/wp-content\/uploads\/2025\/11\/IMG-20251026-WA0002-212x300.jpg 212w, https:\/\/www.european-institute.cz\/wp-content\/uploads\/2025\/11\/IMG-20251026-WA0002-768x1085.jpg 768w, https:\/\/www.european-institute.cz\/wp-content\/uploads\/2025\/11\/IMG-20251026-WA0002-1087x1536.jpg 1087w, https:\/\/www.european-institute.cz\/wp-content\/uploads\/2025\/11\/IMG-20251026-WA0002-8x12.jpg 8w, https:\/\/www.european-institute.cz\/wp-content\/uploads\/2025\/11\/IMG-20251026-WA0002-800x1131.jpg 800w, https:\/\/www.european-institute.cz\/wp-content\/uploads\/2025\/11\/IMG-20251026-WA0002.jpg 1123w\" sizes=\"auto, (max-width: 725px) 100vw, 725px\" \/><\/a>\n\t\t\t<\/div><\/figure><figure class='gallery-item'>\n\t\t\t<div class='gallery-icon portrait'>\n\t\t\t\t<a href='https:\/\/www.european-institute.cz\/en\/img-20251026-wa0004\/'><img loading=\"lazy\" decoding=\"async\" width=\"457\" height=\"1024\" src=\"https:\/\/www.european-institute.cz\/wp-content\/uploads\/2025\/11\/IMG-20251026-WA0004-457x1024.jpg\" class=\"attachment-large size-large\" alt=\"\" srcset=\"https:\/\/www.european-institute.cz\/wp-content\/uploads\/2025\/11\/IMG-20251026-WA0004-457x1024.jpg 457w, https:\/\/www.european-institute.cz\/wp-content\/uploads\/2025\/11\/IMG-20251026-WA0004-134x300.jpg 134w, https:\/\/www.european-institute.cz\/wp-content\/uploads\/2025\/11\/IMG-20251026-WA0004-685x1536.jpg 685w, https:\/\/www.european-institute.cz\/wp-content\/uploads\/2025\/11\/IMG-20251026-WA0004-5x12.jpg 5w, https:\/\/www.european-institute.cz\/wp-content\/uploads\/2025\/11\/IMG-20251026-WA0004.jpg 714w\" sizes=\"auto, (max-width: 457px) 100vw, 457px\" \/><\/a>\n\t\t\t<\/div><\/figure>\n\t\t<\/div>\n\n<p>&nbsp;<\/p>\n<p style=\"text-align: left;\">Dne 28.10.2025 ve 13:00 se konal Pietn\u00ed akt u sochy gener\u00e1la M. R. \u0160tef\u00e1nika na \u0160tef\u00e1nikov\u011b hv\u011bzd\u00e1rn\u011b v Praze na Pet\u0159\u00edn\u011b, kde pam\u00e1tku uctili J.E. Martin Mur\u00e1nsky \u2013 velvyslanec Slovensk\u00e9 republiky v \u010cR, majitel EUROPEAN INSTITUTE Prague a poslanec M\u010c Ko\u0161ice \u2013 Dargovsk\u00fdch hrdinov, Vladislav Stanko, p\u0159edseda \u010ceskomoravsk\u00e9 konfederace odborov\u00fdch svaz\u016f Josef St\u0159edula, folklorn\u00ed um\u011blec ze Slovenska Josef M\u00e1k a \u0161irok\u00e1 ve\u0159ejnost.<\/p>\n<p>&nbsp;<\/p>\n<p><a href=\"https:\/\/www.european-institute.cz\/wp-content\/uploads\/2025\/11\/IMG-20251029-WA0019.jpg\"><img loading=\"lazy\" decoding=\"async\" class=\"wp-image-3929\" src=\"https:\/\/www.european-institute.cz\/wp-content\/uploads\/2025\/11\/IMG-20251029-WA0019-768x1024.jpg\" alt=\"\" width=\"537\" height=\"716\" srcset=\"https:\/\/www.european-institute.cz\/wp-content\/uploads\/2025\/11\/IMG-20251029-WA0019-768x1024.jpg 768w, https:\/\/www.european-institute.cz\/wp-content\/uploads\/2025\/11\/IMG-20251029-WA0019-225x300.jpg 225w, https:\/\/www.european-institute.cz\/wp-content\/uploads\/2025\/11\/IMG-20251029-WA0019-1152x1536.jpg 1152w, https:\/\/www.european-institute.cz\/wp-content\/uploads\/2025\/11\/IMG-20251029-WA0019-9x12.jpg 9w, https:\/\/www.european-institute.cz\/wp-content\/uploads\/2025\/11\/IMG-20251029-WA0019-800x1067.jpg 800w, https:\/\/www.european-institute.cz\/wp-content\/uploads\/2025\/11\/IMG-20251029-WA0019.jpg 1530w\" sizes=\"auto, (max-width: 537px) 100vw, 537px\" \/><\/a><\/p>\n<p>&nbsp;<\/p>\n<p style=\"text-align: left;\">Od 14:30 n\u00e1sledoval Pietn\u00ed akt u hrobu T. G. Masaryka v L\u00e1nech, kter\u00fd doprov\u00e1zely obl\u00edben\u00e9 p\u00edsn\u011b prezidenta T. G. Masaryka za \u00fa\u010dasti \u010destn\u00e9 str\u00e1\u017ee v\u00a0dobov\u00fdch uniform\u00e1ch. Mimo jin\u00e9 i ob\u010dan\u00e9 L\u00e1n uctili pam\u00e1tku polo\u017een\u00edm v\u011bnc\u016f u hrobu TGM. Za Muzeum TGM \u0159editelka p\u00ed. Magdal\u00e9na Elznicov\u00e1 \u2013 Mikeskov\u00e1, za Spolo\u010dnos\u0165 M. R. \u0160tef\u00e1nika, \u010cSR \u2013 \u010cESKOSLOVENSK\u00c9 RENOM\u00c9, z.s. a EUROPEAN INSTITUTE v jedn\u00e9 osob\u011b pan Vladislav Stanko, p\u0159edseda \u010cMKOS Josef St\u0159edula, lektor, cestovatel a spisovatel Dr. Juan Braun. Z\u00e1stupci Sokol\u016f, \u010ceskoslovensk\u00fdch legion\u00e1\u0159\u016f a dal\u0161\u00ed vz\u00e1cn\u00ed host\u00e9.<\/p>\n<p>&nbsp;<\/p>\n<div id='gallery-2' class='gallery galleryid-3957 gallery-columns-2 gallery-size-large'><figure class='gallery-item'>\n\t\t\t<div class='gallery-icon landscape'>\n\t\t\t\t<a href='https:\/\/www.european-institute.cz\/en\/img-20251029-wa0068\/'><img loading=\"lazy\" decoding=\"async\" width=\"940\" height=\"625\" src=\"https:\/\/www.european-institute.cz\/wp-content\/uploads\/2025\/11\/IMG-20251029-WA0068-1024x681.jpg\" class=\"attachment-large size-large\" alt=\"\" srcset=\"https:\/\/www.european-institute.cz\/wp-content\/uploads\/2025\/11\/IMG-20251029-WA0068-1024x681.jpg 1024w, https:\/\/www.european-institute.cz\/wp-content\/uploads\/2025\/11\/IMG-20251029-WA0068-300x200.jpg 300w, https:\/\/www.european-institute.cz\/wp-content\/uploads\/2025\/11\/IMG-20251029-WA0068-768x511.jpg 768w, https:\/\/www.european-institute.cz\/wp-content\/uploads\/2025\/11\/IMG-20251029-WA0068-1536x1021.jpg 1536w, https:\/\/www.european-institute.cz\/wp-content\/uploads\/2025\/11\/IMG-20251029-WA0068-18x12.jpg 18w, https:\/\/www.european-institute.cz\/wp-content\/uploads\/2025\/11\/IMG-20251029-WA0068-800x532.jpg 800w, https:\/\/www.european-institute.cz\/wp-content\/uploads\/2025\/11\/IMG-20251029-WA0068.jpg 1600w\" sizes=\"auto, (max-width: 940px) 100vw, 940px\" \/><\/a>\n\t\t\t<\/div><\/figure><figure class='gallery-item'>\n\t\t\t<div class='gallery-icon landscape'>\n\t\t\t\t<a href='https:\/\/www.european-institute.cz\/en\/img-20251029-wa0065\/'><img loading=\"lazy\" decoding=\"async\" width=\"940\" height=\"625\" src=\"https:\/\/www.european-institute.cz\/wp-content\/uploads\/2025\/11\/IMG-20251029-WA0065-1024x681.jpg\" class=\"attachment-large size-large\" alt=\"\" srcset=\"https:\/\/www.european-institute.cz\/wp-content\/uploads\/2025\/11\/IMG-20251029-WA0065-1024x681.jpg 1024w, https:\/\/www.european-institute.cz\/wp-content\/uploads\/2025\/11\/IMG-20251029-WA0065-300x200.jpg 300w, https:\/\/www.european-institute.cz\/wp-content\/uploads\/2025\/11\/IMG-20251029-WA0065-768x511.jpg 768w, https:\/\/www.european-institute.cz\/wp-content\/uploads\/2025\/11\/IMG-20251029-WA0065-1536x1021.jpg 1536w, https:\/\/www.european-institute.cz\/wp-content\/uploads\/2025\/11\/IMG-20251029-WA0065-18x12.jpg 18w, https:\/\/www.european-institute.cz\/wp-content\/uploads\/2025\/11\/IMG-20251029-WA0065-800x532.jpg 800w, https:\/\/www.european-institute.cz\/wp-content\/uploads\/2025\/11\/IMG-20251029-WA0065.jpg 1600w\" sizes=\"auto, (max-width: 940px) 100vw, 940px\" \/><\/a>\n\t\t\t<\/div><\/figure>\n\t\t<\/div>\n\n<p>&nbsp;<\/p>\n<p style=\"text-align: left;\">Po pietn\u00edm aktu se host\u00e9 p\u0159esunuli do Muzea T. G. Masaryka, kde bylo p\u0159ipraveno 13 \u0161achov\u00fdch stol\u016f pro simult\u00e1nn\u00ed partii s velmistrem a mistrem sv\u011bta Vlastimilem Jansou. Mezi \u00fa\u010dastn\u00edky byli nap\u0159\u00edklad \u0159editelka Muzea TGM Magdal\u00e9na Elznicov\u00e1 \u2013 Mikeskov\u00e1, majitel EUROPEAN INSTITUTE p. Vladislav Stanko, soudkyn\u011b ze SR JUDr. M\u00e1ria Moskvi\u010dov\u00e1, DBA, LL.M., cestovatel a spisovatel z Argentiny Dr. Juan Braun, finan\u010dn\u00ed expert z Beninsk\u00e9 republiky Ing. Coovi Armand Agassounon, mjr. v.z. Ing. Bc. Beno Ge, popov\u00e1 zp\u011bva\u010dka Zuzana Martinkov\u00fdchov\u00e1 a folklorn\u00ed um\u011blec Josef M\u00e1k.<\/p>\n<p style=\"text-align: left;\">O kulturn\u00ed doprovod se postarala Zuzana Martinkov\u00fdchov\u00e1 a Josef M\u00e1k, kte\u0159\u00ed zazp\u00edvali hymny \u010cesk\u00e9 a Slovensk\u00e9 republiky<\/p>\n<p>&nbsp;<\/p>\n<div id='gallery-3' class='gallery galleryid-3957 gallery-columns-2 gallery-size-large'><figure class='gallery-item'>\n\t\t\t<div class='gallery-icon landscape'>\n\t\t\t\t<a href='https:\/\/www.european-institute.cz\/en\/img-20251029-wa0067\/'><img loading=\"lazy\" decoding=\"async\" width=\"940\" height=\"625\" src=\"https:\/\/www.european-institute.cz\/wp-content\/uploads\/2025\/11\/IMG-20251029-WA0067-1024x681.jpg\" class=\"attachment-large size-large\" alt=\"\" srcset=\"https:\/\/www.european-institute.cz\/wp-content\/uploads\/2025\/11\/IMG-20251029-WA0067-1024x681.jpg 1024w, https:\/\/www.european-institute.cz\/wp-content\/uploads\/2025\/11\/IMG-20251029-WA0067-300x200.jpg 300w, https:\/\/www.european-institute.cz\/wp-content\/uploads\/2025\/11\/IMG-20251029-WA0067-768x511.jpg 768w, https:\/\/www.european-institute.cz\/wp-content\/uploads\/2025\/11\/IMG-20251029-WA0067-1536x1021.jpg 1536w, https:\/\/www.european-institute.cz\/wp-content\/uploads\/2025\/11\/IMG-20251029-WA0067-18x12.jpg 18w, https:\/\/www.european-institute.cz\/wp-content\/uploads\/2025\/11\/IMG-20251029-WA0067-800x532.jpg 800w, https:\/\/www.european-institute.cz\/wp-content\/uploads\/2025\/11\/IMG-20251029-WA0067.jpg 1600w\" sizes=\"auto, (max-width: 940px) 100vw, 940px\" \/><\/a>\n\t\t\t<\/div><\/figure><figure class='gallery-item'>\n\t\t\t<div class='gallery-icon landscape'>\n\t\t\t\t<a href='https:\/\/www.european-institute.cz\/en\/img-20251029-wa0005\/'><img loading=\"lazy\" decoding=\"async\" width=\"940\" height=\"705\" src=\"https:\/\/www.european-institute.cz\/wp-content\/uploads\/2025\/11\/IMG-20251029-WA0005-1024x768.jpg\" class=\"attachment-large size-large\" alt=\"\" srcset=\"https:\/\/www.european-institute.cz\/wp-content\/uploads\/2025\/11\/IMG-20251029-WA0005-1024x768.jpg 1024w, https:\/\/www.european-institute.cz\/wp-content\/uploads\/2025\/11\/IMG-20251029-WA0005-300x225.jpg 300w, https:\/\/www.european-institute.cz\/wp-content\/uploads\/2025\/11\/IMG-20251029-WA0005-768x576.jpg 768w, https:\/\/www.european-institute.cz\/wp-content\/uploads\/2025\/11\/IMG-20251029-WA0005-1536x1152.jpg 1536w, https:\/\/www.european-institute.cz\/wp-content\/uploads\/2025\/11\/IMG-20251029-WA0005-16x12.jpg 16w, https:\/\/www.european-institute.cz\/wp-content\/uploads\/2025\/11\/IMG-20251029-WA0005-800x600.jpg 800w, https:\/\/www.european-institute.cz\/wp-content\/uploads\/2025\/11\/IMG-20251029-WA0005.jpg 1600w\" sizes=\"auto, (max-width: 940px) 100vw, 940px\" \/><\/a>\n\t\t\t<\/div><\/figure><figure class='gallery-item'>\n\t\t\t<div class='gallery-icon landscape'>\n\t\t\t\t<a href='https:\/\/www.european-institute.cz\/en\/img-20251029-wa0022\/'><img loading=\"lazy\" decoding=\"async\" width=\"940\" height=\"705\" src=\"https:\/\/www.european-institute.cz\/wp-content\/uploads\/2025\/11\/IMG-20251029-WA0022-1024x768.jpg\" class=\"attachment-large size-large\" alt=\"\" srcset=\"https:\/\/www.european-institute.cz\/wp-content\/uploads\/2025\/11\/IMG-20251029-WA0022-1024x768.jpg 1024w, https:\/\/www.european-institute.cz\/wp-content\/uploads\/2025\/11\/IMG-20251029-WA0022-300x225.jpg 300w, https:\/\/www.european-institute.cz\/wp-content\/uploads\/2025\/11\/IMG-20251029-WA0022-768x576.jpg 768w, https:\/\/www.european-institute.cz\/wp-content\/uploads\/2025\/11\/IMG-20251029-WA0022-1536x1152.jpg 1536w, https:\/\/www.european-institute.cz\/wp-content\/uploads\/2025\/11\/IMG-20251029-WA0022-16x12.jpg 16w, https:\/\/www.european-institute.cz\/wp-content\/uploads\/2025\/11\/IMG-20251029-WA0022-800x600.jpg 800w, https:\/\/www.european-institute.cz\/wp-content\/uploads\/2025\/11\/IMG-20251029-WA0022.jpg 2040w\" sizes=\"auto, (max-width: 940px) 100vw, 940px\" \/><\/a>\n\t\t\t<\/div><\/figure>\n\t\t<\/div>\n\n<p style=\"text-align: left;\">Utk\u00e1n\u00ed skon\u010dilo o\u010dek\u00e1vanou v\u00fdhrou mistra sv\u011bta Vlastimila Jansy 12:1<\/p>\n<p style=\"text-align: left;\">Rem\u00edzu se poda\u0159ilo uhr\u00e1t Martinovi Pucholtovi \u2013 z\u00e1stupci \u0161achov\u00e9ho odd\u00edlu TJ Stochov a Vladislavovi Stankovi \u2013 majiteli EUROPEAN INSTITUTE Prague. Akce prob\u011bhla i v r\u00e1mci oslavy Dne St\u0159edo\u010desk\u00e9ho kraje a byla ve\u0159ejn\u011b p\u0159\u00edstupn\u00e1.<\/p>\n<p style=\"text-align: left;\"><strong>\u00a0<\/strong><\/p>\n<h4 style=\"text-align: left;\"><strong>Promoce ve Vila Lanna<\/strong><\/h4>\n<p style=\"text-align: left;\"><strong>Dne 29.10.2025 prob\u011bhlo slavnostn\u00ed ukon\u010den\u00ed studia absolvent\u016f postgradu\u00e1ln\u00edch mana\u017eersk\u00fdch studi\u00ed MBA, MPA, MPH, LL.M., MSc., DBA, DPA, DrPH, LL.D. a DSc. EUROPEAN INSTITUTE<\/strong>, kter\u00e9 se konalo na p\u016fd\u011b Akademie v\u011bd \u010cR ve Vila Lanna. Organizaci za\u0161t\u00edtili vedouc\u00ed studijn\u00edho odd\u011bleni sl. Tina Kraftov\u00e1 z \u010cR a p\u00ed. Jana \u0160taubov\u00e1 ze Srbska. Za Gr\u00e9mium a lektorsk\u00fd sbor diplomy odevzd\u00e1vali Vladislav Stanko \u2013 \u0159editel EUROPEAN INSTITUTE, Petar Stanchev, PhD. LL.D. &#8211; lektor a vicepresident \u010cesko-Bulharsk\u00e9 obchodn\u00ed komory, Ing. Coovi Armand Agassounon \u2013 lektor a finan\u010dn\u00ed expert z Beninu, JUDr. M\u00e1ria Moskvi\u010dov\u00e1, PhD., DBA, LL.M. &#8211; lektorka a soudkyn\u011b ze SR a Dr. Milut\u00edn Ilji\u010d \u2013 lektor, odborn\u00edk na mezin\u00e1rodn\u00ed vztahy a asistent poslance Poslaneck\u00e9 sn\u011bmovny Parlamentu \u010cR.<\/p>\n<p style=\"text-align: left;\">N\u00e1sledn\u011b symbolicky v\u00a0<strong>19:18 <\/strong>p\u0159ed slavnostn\u00edm koncertem uv\u00edtal hosty legend\u00e1rn\u00ed \u010ceskoslovensk\u00fd hlasatel Alexander Hemala. <strong>Slavnostn\u00edmi<\/strong> <strong>proslovy k\u00a0107. v\u00fdro\u010d\u00ed vzniku \u010ceskoslovenska p\u0159isp\u011bli \u0159editelka Muzea TGM p\u00ed. Magdal\u00e9n<\/strong><strong>a<\/strong> <strong>Elznicov\u00e1 \u2013 Mikeskov\u00e1, a z\u00e1stupce Spole\u010dnosti Gen. M. R. \u0160tef\u00e1nika, majitel EUROPEAN INSTITUTE Prague a organiz\u00e1tor oslav p. Vladislav Stanko, na p\u00f3diu spole\u010dn\u011b s MgA. Ter\u00e9ziou Hled\u00edkovou \u2013 housle a Danielem Bourou \u2013 klav\u00edr, z Akad\u00e9mie m\u00fazick\u00fdch um\u011bn\u00ed v\u00a0Praze, kte\u0159\u00ed v\u00a0r\u00e1mci oslavy st\u00e1tn\u00edho sv\u00e1tku ke vzniku \u010ceskoslovenska pot\u011b\u0161ili p\u0159\u00edtomn\u00e9 hosty n\u00e1dhern\u00fdm koncertem z\u00a0tvorby \u010desk\u00fdch a slovensk\u00fdch autor\u016f v\u010detn\u011b ikonick\u00e9 skladby Bed\u0159icha Smetany \u2013 M\u00e1 <\/strong><strong>Vlast &#8211; a byl ocen\u011bn dlouh\u00fdm a bou\u0159liv\u00fdm potleskem ve stoje.<\/strong><\/p>\n<p style=\"text-align: left;\"><strong>\u00a0<\/strong><\/p>\n<div id='gallery-4' class='gallery galleryid-3957 gallery-columns-2 gallery-size-large'><figure class='gallery-item'>\n\t\t\t<div class='gallery-icon landscape'>\n\t\t\t\t<a href='https:\/\/www.european-institute.cz\/en\/img-20251030-wa0007\/'><img loading=\"lazy\" decoding=\"async\" width=\"940\" height=\"625\" src=\"https:\/\/www.european-institute.cz\/wp-content\/uploads\/2025\/11\/IMG-20251030-WA0007-1024x681.jpg\" class=\"attachment-large size-large\" alt=\"\" srcset=\"https:\/\/www.european-institute.cz\/wp-content\/uploads\/2025\/11\/IMG-20251030-WA0007-1024x681.jpg 1024w, https:\/\/www.european-institute.cz\/wp-content\/uploads\/2025\/11\/IMG-20251030-WA0007-300x200.jpg 300w, https:\/\/www.european-institute.cz\/wp-content\/uploads\/2025\/11\/IMG-20251030-WA0007-768x511.jpg 768w, https:\/\/www.european-institute.cz\/wp-content\/uploads\/2025\/11\/IMG-20251030-WA0007-1536x1021.jpg 1536w, https:\/\/www.european-institute.cz\/wp-content\/uploads\/2025\/11\/IMG-20251030-WA0007-18x12.jpg 18w, https:\/\/www.european-institute.cz\/wp-content\/uploads\/2025\/11\/IMG-20251030-WA0007-800x532.jpg 800w, https:\/\/www.european-institute.cz\/wp-content\/uploads\/2025\/11\/IMG-20251030-WA0007.jpg 1600w\" sizes=\"auto, (max-width: 940px) 100vw, 940px\" \/><\/a>\n\t\t\t<\/div><\/figure><figure class='gallery-item'>\n\t\t\t<div class='gallery-icon landscape'>\n\t\t\t\t<a href='https:\/\/www.european-institute.cz\/en\/img-20251030-wa0005\/'><img loading=\"lazy\" decoding=\"async\" width=\"940\" height=\"572\" src=\"https:\/\/www.european-institute.cz\/wp-content\/uploads\/2025\/11\/IMG-20251030-WA0005-1024x623.jpg\" class=\"attachment-large size-large\" alt=\"\" srcset=\"https:\/\/www.european-institute.cz\/wp-content\/uploads\/2025\/11\/IMG-20251030-WA0005-1024x623.jpg 1024w, https:\/\/www.european-institute.cz\/wp-content\/uploads\/2025\/11\/IMG-20251030-WA0005-300x182.jpg 300w, https:\/\/www.european-institute.cz\/wp-content\/uploads\/2025\/11\/IMG-20251030-WA0005-768x467.jpg 768w, https:\/\/www.european-institute.cz\/wp-content\/uploads\/2025\/11\/IMG-20251030-WA0005-1536x934.jpg 1536w, https:\/\/www.european-institute.cz\/wp-content\/uploads\/2025\/11\/IMG-20251030-WA0005-18x12.jpg 18w, https:\/\/www.european-institute.cz\/wp-content\/uploads\/2025\/11\/IMG-20251030-WA0005-800x487.jpg 800w, https:\/\/www.european-institute.cz\/wp-content\/uploads\/2025\/11\/IMG-20251030-WA0005.jpg 1600w\" sizes=\"auto, (max-width: 940px) 100vw, 940px\" \/><\/a>\n\t\t\t<\/div><\/figure>\n\t\t<\/div>\n\n<p>&nbsp;<\/p>\n<p style=\"text-align: left;\"><strong>Sou\u010d\u00e1st\u00ed oslav byla tak\u00e9 ji\u017e dvan\u00e1ct\u00fdm rokem charitativn\u00ed sb\u00edrka na podporu projektu Nada\u010dn\u00edho fondu EDUK\u00c1\u010cEK, zam\u011b\u0159en\u00e9ho na: <\/strong><\/p>\n<p style=\"text-align: left;\">\u00da\u010delem nada\u010dn\u00edho fondu EDUK\u00c1\u010cEK je:<\/p>\n<p style=\"text-align: left;\">Pomoc a podpora vzd\u011bl\u00e1v\u00e1n\u00ed pro d\u011bti a mladistv\u00e9<\/p>\n<p style=\"text-align: left;\">Pomoc a podpora v r\u00e1mci prim\u00e1rn\u00ed prevence<\/p>\n<p style=\"text-align: left;\">Pomoc a podpora rodin\u00e1m s d\u011btmi p\u0159i jak\u00e9koliv nelehk\u00e9 situaci<\/p>\n<p style=\"text-align: left;\">Pomoc a podpora pro seniory, dosp\u011bl\u00e9 v t\u011b\u017ek\u00e9 \u017eivotn\u00ed situaci<\/p>\n<p style=\"text-align: left;\">Pomoc a podpora jednotliv\u00fdm d\u011btem \u010di dosp\u011bl\u00fdm na z\u00e1klad\u011b nelehk\u00e9 \u017eivotn\u00ed situace<\/p>\n<p style=\"text-align: left;\">Spolupr\u00e1ce s ostatn\u00edmi subjekty, zab\u00fdvaj\u00edc\u00ed se p\u0159i podpo\u0159e pomoci d\u011btem<\/p>\n<p style=\"text-align: left;\">Pomoc a podpora d\u011btem a dosp\u011bl\u00fdm t\u00fdran\u00fdm, zneu\u017e\u00edvan\u00fdm, zanedb\u00e1van\u00fdm a znev\u00fdhodn\u011bn\u00fdm<\/p>\n<p style=\"text-align: left;\">Pomoc a podpora zdravotn\u011b posti\u017een\u00fdm<\/p>\n<p style=\"text-align: left;\">Za podporu d\u011bkujeme.<\/p>\n<p>&nbsp;<\/p>\n<p style=\"text-align: left;\"><strong>B\u011bhem promoc\u00ed byl p\u0159ed\u00e1n majitelem EUROPEAN INSTITUTE Prague p.<\/strong> <strong>Vladislavem Stankem d\u00e1rkov\u00fd Voucher\u00a0na\u00a0v\u00edkendov\u00fd <\/strong><strong>pobyt v Lond\u00fdn\u011b, UK, kter\u00fd v\u00a0r\u00e1mci PR kampan\u011b 2023 z\u00edskal jeden z na\u0161ich\u00a0absolvent\u016f studia.<\/strong><\/p>\n<p><a href=\"https:\/\/www.european-institute.cz\/wp-content\/uploads\/2025\/11\/IMG-20251030-WA0015.jpg\"><img loading=\"lazy\" decoding=\"async\" class=\"alignnone size-large wp-image-3947\" src=\"https:\/\/www.european-institute.cz\/wp-content\/uploads\/2025\/11\/IMG-20251030-WA0015-1024x681.jpg\" alt=\"\" width=\"940\" height=\"625\" srcset=\"https:\/\/www.european-institute.cz\/wp-content\/uploads\/2025\/11\/IMG-20251030-WA0015-1024x681.jpg 1024w, https:\/\/www.european-institute.cz\/wp-content\/uploads\/2025\/11\/IMG-20251030-WA0015-300x200.jpg 300w, https:\/\/www.european-institute.cz\/wp-content\/uploads\/2025\/11\/IMG-20251030-WA0015-768x511.jpg 768w, https:\/\/www.european-institute.cz\/wp-content\/uploads\/2025\/11\/IMG-20251030-WA0015-1536x1021.jpg 1536w, https:\/\/www.european-institute.cz\/wp-content\/uploads\/2025\/11\/IMG-20251030-WA0015-18x12.jpg 18w, https:\/\/www.european-institute.cz\/wp-content\/uploads\/2025\/11\/IMG-20251030-WA0015-800x532.jpg 800w, https:\/\/www.european-institute.cz\/wp-content\/uploads\/2025\/11\/IMG-20251030-WA0015.jpg 1600w\" sizes=\"auto, (max-width: 940px) 100vw, 940px\" \/><\/a><\/p>\n<p>&nbsp;<\/p>\n<p style=\"text-align: left;\"><strong>V\u00a0r\u00e1mci Oslavy \u010cSR prob\u011bhl <\/strong><strong>tak\u00e9<\/strong> <strong>12. ro\u010dn\u00edk mezin\u00e1rodn\u00ed konference \u201eBezpe\u010dnostn\u00ed a krizov\u00fd management v re\u00e1ln\u00e9m prost\u0159ed\u00ed\u201c, kter\u00fd se konal ve Slovensk\u00e9m dom\u011b 29.10.2025 s voln\u00fdm vstupem pro odbornou ve\u0159ejnost. Prostor dostali oborn\u00edci z akademick\u00e9 p\u016fdy i z praxe na bezpe\u010dnost, pr\u00e1vo, management, marketing a mezin\u00e1rodn\u00ed vztahy, kte\u0159\u00ed p\u0159edn\u00e1\u0161eli o aktu\u00e1ln\u00edch t\u00e9matech.<\/strong><\/p>\n<p style=\"text-align: left;\"><strong>D\u011bkujeme v\u0161em partner\u016fm a m\u00e9di\u00edm, kte\u0159\u00ed oslavu podpo\u0159ili. <\/strong><\/p>\n<p style=\"text-align: left;\"><strong>\u00dasp\u011b\u0161n\u00fdm absolvent\u016fm srde\u010dn\u011b gratulujeme a t\u011b\u0161\u00edme se na setk\u00e1n\u00ed p\u0159i p\u0159\u00ed\u0161t\u00edm ro\u010dn\u00edku &#8211; 108. v\u00fdro\u010d\u00ed vzniku \u010ceskoslovenska dne 28.10.2026.<\/strong><\/p>\n<div><\/div>\n<h3>Z\u00e1znam ze slavnostn\u00edho ukon\u010den\u00ed studia<\/h3>\n<p><iframe loading=\"lazy\" title=\"EUROPEAN INSTITUTE\" width=\"940\" height=\"529\" src=\"https:\/\/www.youtube.com\/embed\/HK_wr6AX2i0?feature=oembed\" frameborder=\"0\" allow=\"accelerometer; autoplay; clipboard-write; encrypted-media; gyroscope; picture-in-picture; web-share\" referrerpolicy=\"strict-origin-when-cross-origin\" allowfullscreen><\/iframe><\/p>\n<p>&nbsp;<\/p>\n<p><a href=\"https:\/\/www.premiumnews.sk\/oslava-zalozenia-samostatnej-ceskoslovenskej-republiky-107-vyrocie28-10-2025-29-10-2025stefanikova-hvezdaren-muzeum-tgm-v-lanach-akademia-vied-cr\/\">https:\/\/www.premiumnews.sk\/oslava-zalozenia-samostatnej-ceskoslovenskej-republiky-107-vyrocie28-10-2025-29-10-2025stefanikova-hvezdaren-muzeum-tgm-v-lanach-akademia-vied-cr\/<\/a><\/p>\n<p><a href=\"https:\/\/prazsky-magazin.cz\/kaleidoskop\/historie\/oslava-107-vyroci-vzniku-ceskoslovenska\/\">https:\/\/prazsky-magazin.cz\/kaleidoskop\/historie\/oslava-107-vyroci-vzniku-ceskoslovenska\/<\/a><\/p>\n<p style=\"text-align: left;\">Zdroje:<\/p>\n<p style=\"text-align: left;\"><a href=\"https:\/\/www.european-institute.cz\/en\/\">www.european-institute.cz<\/a><\/p>\n<p style=\"text-align: left;\"><a href=\"http:\/\/www.european-solutions.eu\/\">www.european-solutions.eu<\/a><\/p>\n<p style=\"text-align: left;\"><a href=\"http:\/\/www.muzeumtgm.cz\/\">www.muzeumtgm.cz<\/a><\/p>\n<p style=\"text-align: left;\"><a href=\"http:\/\/www.mrstefanik.sk\/\">www.mrstefanik.sk<\/a><\/p>\n<p style=\"text-align: left;\"><a href=\"http:\/\/www.cesko.gratis\/\">www.cesko.gratis<\/a><\/p>\n<p style=\"text-align: left;\"><a href=\"http:\/\/www.slovensko.gratis\/\">www.slovensko.gratis<\/a><\/p>\n<p>&nbsp;<\/p>\n<p style=\"text-align: left;\">&#8212;<br \/>\nS\u00a0\u00factou<br \/>\nTina KRAFTOV\u00c1<br \/>\nHead\u00a0of\u00a0the\u00a0Study\u00a0Department<br \/>\nGSM:\u00a0 \u00a0+420\u00a0730\u00a0850\u00a0858<br \/>\nE-mail:\u00a0<a href=\"mailto:studijni@european-institute.cz\">studijni@european-institute.cz<\/a><br \/>\n<a href=\"https:\/\/www.european-institute.cz\/en\/\">www.european-institute.cz<\/a><\/p>\n<p style=\"text-align: left;\">EUROPEAN\u00a0INSTITUTE OF\u00a0BUSINESS\u00a0AND\u00a0PUBLIC\u00a0EDUCATION,\u00a0s.r.o.<br \/>\nI\u010cO:\u00a0065\u00a078\u00a0691<br \/>\nSoukenick\u00e1\u00a01199\/3, Prague\u00a01,<br \/>\nCzech\u00a0Republic<\/p>\n<p style=\"text-align: left;\">EUROPEAN\u00a0INSTITUTE OF\u00a0BUSINESS\u00a0AND\u00a0PUBLIC\u00a0EDUCATION,\u00a0s.r.o.<br \/>\norganiza\u010dn\u00e1\u00a0zlo\u017eka\u00a0Slovensk\u00e1\u00a0republika<br \/>\nI\u010cO:\u00a051\u00a0331\u00a0110<br \/>\nZ\u00e1mock\u00e1 30, Bratislava<br \/>\nSlovensk\u00e1\u00a0republika<\/p>\n<p>&nbsp;<\/p>\n<div id='gallery-5' class='gallery galleryid-3957 gallery-columns-4 gallery-size-full'><figure class='gallery-item'>\n\t\t\t<div class='gallery-icon landscape'>\n\t\t\t\t<a href='https:\/\/www.european-institute.cz\/en\/img-20251030-wa0006\/'><img loading=\"lazy\" decoding=\"async\" width=\"1600\" height=\"1064\" src=\"https:\/\/www.european-institute.cz\/wp-content\/uploads\/2025\/11\/IMG-20251030-WA0006.jpg\" class=\"attachment-full size-full\" alt=\"\" srcset=\"https:\/\/www.european-institute.cz\/wp-content\/uploads\/2025\/11\/IMG-20251030-WA0006.jpg 1600w, https:\/\/www.european-institute.cz\/wp-content\/uploads\/2025\/11\/IMG-20251030-WA0006-300x200.jpg 300w, https:\/\/www.european-institute.cz\/wp-content\/uploads\/2025\/11\/IMG-20251030-WA0006-1024x681.jpg 1024w, https:\/\/www.european-institute.cz\/wp-content\/uploads\/2025\/11\/IMG-20251030-WA0006-768x511.jpg 768w, https:\/\/www.european-institute.cz\/wp-content\/uploads\/2025\/11\/IMG-20251030-WA0006-1536x1021.jpg 1536w, https:\/\/www.european-institute.cz\/wp-content\/uploads\/2025\/11\/IMG-20251030-WA0006-18x12.jpg 18w, https:\/\/www.european-institute.cz\/wp-content\/uploads\/2025\/11\/IMG-20251030-WA0006-800x532.jpg 800w\" sizes=\"auto, (max-width: 1600px) 100vw, 1600px\" \/><\/a>\n\t\t\t<\/div><\/figure><figure class='gallery-item'>\n\t\t\t<div class='gallery-icon landscape'>\n\t\t\t\t<a href='https:\/\/www.european-institute.cz\/en\/img-20251030-wa0008\/'><img loading=\"lazy\" decoding=\"async\" width=\"1600\" height=\"1064\" src=\"https:\/\/www.european-institute.cz\/wp-content\/uploads\/2025\/11\/IMG-20251030-WA0008.jpg\" class=\"attachment-full size-full\" alt=\"\" srcset=\"https:\/\/www.european-institute.cz\/wp-content\/uploads\/2025\/11\/IMG-20251030-WA0008.jpg 1600w, https:\/\/www.european-institute.cz\/wp-content\/uploads\/2025\/11\/IMG-20251030-WA0008-300x200.jpg 300w, https:\/\/www.european-institute.cz\/wp-content\/uploads\/2025\/11\/IMG-20251030-WA0008-1024x681.jpg 1024w, https:\/\/www.european-institute.cz\/wp-content\/uploads\/2025\/11\/IMG-20251030-WA0008-768x511.jpg 768w, https:\/\/www.european-institute.cz\/wp-content\/uploads\/2025\/11\/IMG-20251030-WA0008-1536x1021.jpg 1536w, https:\/\/www.european-institute.cz\/wp-content\/uploads\/2025\/11\/IMG-20251030-WA0008-18x12.jpg 18w, https:\/\/www.european-institute.cz\/wp-content\/uploads\/2025\/11\/IMG-20251030-WA0008-800x532.jpg 800w\" sizes=\"auto, (max-width: 1600px) 100vw, 1600px\" \/><\/a>\n\t\t\t<\/div><\/figure><figure class='gallery-item'>\n\t\t\t<div class='gallery-icon landscape'>\n\t\t\t\t<a href='https:\/\/www.european-institute.cz\/en\/img-20251030-wa0009\/'><img loading=\"lazy\" decoding=\"async\" width=\"1600\" height=\"1064\" src=\"https:\/\/www.european-institute.cz\/wp-content\/uploads\/2025\/11\/IMG-20251030-WA0009.jpg\" class=\"attachment-full size-full\" alt=\"\" srcset=\"https:\/\/www.european-institute.cz\/wp-content\/uploads\/2025\/11\/IMG-20251030-WA0009.jpg 1600w, https:\/\/www.european-institute.cz\/wp-content\/uploads\/2025\/11\/IMG-20251030-WA0009-300x200.jpg 300w, https:\/\/www.european-institute.cz\/wp-content\/uploads\/2025\/11\/IMG-20251030-WA0009-1024x681.jpg 1024w, https:\/\/www.european-institute.cz\/wp-content\/uploads\/2025\/11\/IMG-20251030-WA0009-768x511.jpg 768w, https:\/\/www.european-institute.cz\/wp-content\/uploads\/2025\/11\/IMG-20251030-WA0009-1536x1021.jpg 1536w, https:\/\/www.european-institute.cz\/wp-content\/uploads\/2025\/11\/IMG-20251030-WA0009-18x12.jpg 18w, https:\/\/www.european-institute.cz\/wp-content\/uploads\/2025\/11\/IMG-20251030-WA0009-800x532.jpg 800w\" sizes=\"auto, (max-width: 1600px) 100vw, 1600px\" \/><\/a>\n\t\t\t<\/div><\/figure><figure class='gallery-item'>\n\t\t\t<div class='gallery-icon landscape'>\n\t\t\t\t<a href='https:\/\/www.european-institute.cz\/en\/img-20251030-wa0010\/'><img loading=\"lazy\" decoding=\"async\" width=\"1600\" height=\"1064\" src=\"https:\/\/www.european-institute.cz\/wp-content\/uploads\/2025\/11\/IMG-20251030-WA0010.jpg\" class=\"attachment-full size-full\" alt=\"\" srcset=\"https:\/\/www.european-institute.cz\/wp-content\/uploads\/2025\/11\/IMG-20251030-WA0010.jpg 1600w, https:\/\/www.european-institute.cz\/wp-content\/uploads\/2025\/11\/IMG-20251030-WA0010-300x200.jpg 300w, https:\/\/www.european-institute.cz\/wp-content\/uploads\/2025\/11\/IMG-20251030-WA0010-1024x681.jpg 1024w, https:\/\/www.european-institute.cz\/wp-content\/uploads\/2025\/11\/IMG-20251030-WA0010-768x511.jpg 768w, https:\/\/www.european-institute.cz\/wp-content\/uploads\/2025\/11\/IMG-20251030-WA0010-1536x1021.jpg 1536w, https:\/\/www.european-institute.cz\/wp-content\/uploads\/2025\/11\/IMG-20251030-WA0010-18x12.jpg 18w, https:\/\/www.european-institute.cz\/wp-content\/uploads\/2025\/11\/IMG-20251030-WA0010-800x532.jpg 800w\" sizes=\"auto, (max-width: 1600px) 100vw, 1600px\" \/><\/a>\n\t\t\t<\/div><\/figure><figure class='gallery-item'>\n\t\t\t<div class='gallery-icon landscape'>\n\t\t\t\t<a href='https:\/\/www.european-institute.cz\/en\/img-20251030-wa0011\/'><img loading=\"lazy\" decoding=\"async\" width=\"1600\" height=\"1064\" src=\"https:\/\/www.european-institute.cz\/wp-content\/uploads\/2025\/11\/IMG-20251030-WA0011.jpg\" class=\"attachment-full size-full\" alt=\"\" srcset=\"https:\/\/www.european-institute.cz\/wp-content\/uploads\/2025\/11\/IMG-20251030-WA0011.jpg 1600w, https:\/\/www.european-institute.cz\/wp-content\/uploads\/2025\/11\/IMG-20251030-WA0011-300x200.jpg 300w, https:\/\/www.european-institute.cz\/wp-content\/uploads\/2025\/11\/IMG-20251030-WA0011-1024x681.jpg 1024w, https:\/\/www.european-institute.cz\/wp-content\/uploads\/2025\/11\/IMG-20251030-WA0011-768x511.jpg 768w, https:\/\/www.european-institute.cz\/wp-content\/uploads\/2025\/11\/IMG-20251030-WA0011-1536x1021.jpg 1536w, https:\/\/www.european-institute.cz\/wp-content\/uploads\/2025\/11\/IMG-20251030-WA0011-18x12.jpg 18w, https:\/\/www.european-institute.cz\/wp-content\/uploads\/2025\/11\/IMG-20251030-WA0011-800x532.jpg 800w\" sizes=\"auto, (max-width: 1600px) 100vw, 1600px\" \/><\/a>\n\t\t\t<\/div><\/figure><figure class='gallery-item'>\n\t\t\t<div class='gallery-icon landscape'>\n\t\t\t\t<a href='https:\/\/www.european-institute.cz\/en\/img-20251030-wa0012\/'><img loading=\"lazy\" decoding=\"async\" width=\"1600\" height=\"1064\" src=\"https:\/\/www.european-institute.cz\/wp-content\/uploads\/2025\/11\/IMG-20251030-WA0012.jpg\" class=\"attachment-full size-full\" alt=\"\" srcset=\"https:\/\/www.european-institute.cz\/wp-content\/uploads\/2025\/11\/IMG-20251030-WA0012.jpg 1600w, https:\/\/www.european-institute.cz\/wp-content\/uploads\/2025\/11\/IMG-20251030-WA0012-300x200.jpg 300w, https:\/\/www.european-institute.cz\/wp-content\/uploads\/2025\/11\/IMG-20251030-WA0012-1024x681.jpg 1024w, https:\/\/www.european-institute.cz\/wp-content\/uploads\/2025\/11\/IMG-20251030-WA0012-768x511.jpg 768w, https:\/\/www.european-institute.cz\/wp-content\/uploads\/2025\/11\/IMG-20251030-WA0012-1536x1021.jpg 1536w, https:\/\/www.european-institute.cz\/wp-content\/uploads\/2025\/11\/IMG-20251030-WA0012-18x12.jpg 18w, https:\/\/www.european-institute.cz\/wp-content\/uploads\/2025\/11\/IMG-20251030-WA0012-800x532.jpg 800w\" sizes=\"auto, (max-width: 1600px) 100vw, 1600px\" \/><\/a>\n\t\t\t<\/div><\/figure><figure class='gallery-item'>\n\t\t\t<div class='gallery-icon landscape'>\n\t\t\t\t<a href='https:\/\/www.european-institute.cz\/en\/img-20251030-wa0013\/'><img loading=\"lazy\" decoding=\"async\" width=\"1600\" height=\"1064\" src=\"https:\/\/www.european-institute.cz\/wp-content\/uploads\/2025\/11\/IMG-20251030-WA0013.jpg\" class=\"attachment-full size-full\" alt=\"\" srcset=\"https:\/\/www.european-institute.cz\/wp-content\/uploads\/2025\/11\/IMG-20251030-WA0013.jpg 1600w, https:\/\/www.european-institute.cz\/wp-content\/uploads\/2025\/11\/IMG-20251030-WA0013-300x200.jpg 300w, https:\/\/www.european-institute.cz\/wp-content\/uploads\/2025\/11\/IMG-20251030-WA0013-1024x681.jpg 1024w, https:\/\/www.european-institute.cz\/wp-content\/uploads\/2025\/11\/IMG-20251030-WA0013-768x511.jpg 768w, https:\/\/www.european-institute.cz\/wp-content\/uploads\/2025\/11\/IMG-20251030-WA0013-1536x1021.jpg 1536w, https:\/\/www.european-institute.cz\/wp-content\/uploads\/2025\/11\/IMG-20251030-WA0013-18x12.jpg 18w, https:\/\/www.european-institute.cz\/wp-content\/uploads\/2025\/11\/IMG-20251030-WA0013-800x532.jpg 800w\" sizes=\"auto, (max-width: 1600px) 100vw, 1600px\" \/><\/a>\n\t\t\t<\/div><\/figure><figure class='gallery-item'>\n\t\t\t<div class='gallery-icon landscape'>\n\t\t\t\t<a href='https:\/\/www.european-institute.cz\/en\/img-20251030-wa0014\/'><img loading=\"lazy\" decoding=\"async\" width=\"1600\" height=\"1064\" src=\"https:\/\/www.european-institute.cz\/wp-content\/uploads\/2025\/11\/IMG-20251030-WA0014.jpg\" class=\"attachment-full size-full\" alt=\"\" srcset=\"https:\/\/www.european-institute.cz\/wp-content\/uploads\/2025\/11\/IMG-20251030-WA0014.jpg 1600w, https:\/\/www.european-institute.cz\/wp-content\/uploads\/2025\/11\/IMG-20251030-WA0014-300x200.jpg 300w, https:\/\/www.european-institute.cz\/wp-content\/uploads\/2025\/11\/IMG-20251030-WA0014-1024x681.jpg 1024w, https:\/\/www.european-institute.cz\/wp-content\/uploads\/2025\/11\/IMG-20251030-WA0014-768x511.jpg 768w, https:\/\/www.european-institute.cz\/wp-content\/uploads\/2025\/11\/IMG-20251030-WA0014-1536x1021.jpg 1536w, https:\/\/www.european-institute.cz\/wp-content\/uploads\/2025\/11\/IMG-20251030-WA0014-18x12.jpg 18w, https:\/\/www.european-institute.cz\/wp-content\/uploads\/2025\/11\/IMG-20251030-WA0014-800x532.jpg 800w\" sizes=\"auto, (max-width: 1600px) 100vw, 1600px\" \/><\/a>\n\t\t\t<\/div><\/figure><figure class='gallery-item'>\n\t\t\t<div class='gallery-icon landscape'>\n\t\t\t\t<a href='https:\/\/www.european-institute.cz\/en\/img-20251030-wa0018\/'><img loading=\"lazy\" decoding=\"async\" width=\"1600\" height=\"1064\" src=\"https:\/\/www.european-institute.cz\/wp-content\/uploads\/2025\/11\/IMG-20251030-WA0018.jpg\" class=\"attachment-full size-full\" alt=\"\" srcset=\"https:\/\/www.european-institute.cz\/wp-content\/uploads\/2025\/11\/IMG-20251030-WA0018.jpg 1600w, https:\/\/www.european-institute.cz\/wp-content\/uploads\/2025\/11\/IMG-20251030-WA0018-300x200.jpg 300w, https:\/\/www.european-institute.cz\/wp-content\/uploads\/2025\/11\/IMG-20251030-WA0018-1024x681.jpg 1024w, https:\/\/www.european-institute.cz\/wp-content\/uploads\/2025\/11\/IMG-20251030-WA0018-768x511.jpg 768w, https:\/\/www.european-institute.cz\/wp-content\/uploads\/2025\/11\/IMG-20251030-WA0018-1536x1021.jpg 1536w, https:\/\/www.european-institute.cz\/wp-content\/uploads\/2025\/11\/IMG-20251030-WA0018-18x12.jpg 18w, https:\/\/www.european-institute.cz\/wp-content\/uploads\/2025\/11\/IMG-20251030-WA0018-800x532.jpg 800w\" sizes=\"auto, (max-width: 1600px) 100vw, 1600px\" \/><\/a>\n\t\t\t<\/div><\/figure><figure class='gallery-item'>\n\t\t\t<div class='gallery-icon landscape'>\n\t\t\t\t<a href='https:\/\/www.european-institute.cz\/en\/img-20251030-wa0016\/'><img loading=\"lazy\" decoding=\"async\" width=\"1600\" height=\"1064\" src=\"https:\/\/www.european-institute.cz\/wp-content\/uploads\/2025\/11\/IMG-20251030-WA0016.jpg\" class=\"attachment-full size-full\" alt=\"\" srcset=\"https:\/\/www.european-institute.cz\/wp-content\/uploads\/2025\/11\/IMG-20251030-WA0016.jpg 1600w, https:\/\/www.european-institute.cz\/wp-content\/uploads\/2025\/11\/IMG-20251030-WA0016-300x200.jpg 300w, https:\/\/www.european-institute.cz\/wp-content\/uploads\/2025\/11\/IMG-20251030-WA0016-1024x681.jpg 1024w, https:\/\/www.european-institute.cz\/wp-content\/uploads\/2025\/11\/IMG-20251030-WA0016-768x511.jpg 768w, https:\/\/www.european-institute.cz\/wp-content\/uploads\/2025\/11\/IMG-20251030-WA0016-1536x1021.jpg 1536w, https:\/\/www.european-institute.cz\/wp-content\/uploads\/2025\/11\/IMG-20251030-WA0016-18x12.jpg 18w, https:\/\/www.european-institute.cz\/wp-content\/uploads\/2025\/11\/IMG-20251030-WA0016-800x532.jpg 800w\" sizes=\"auto, (max-width: 1600px) 100vw, 1600px\" \/><\/a>\n\t\t\t<\/div><\/figure><figure class='gallery-item'>\n\t\t\t<div class='gallery-icon landscape'>\n\t\t\t\t<a href='https:\/\/www.european-institute.cz\/en\/img-20251030-wa0019\/'><img loading=\"lazy\" decoding=\"async\" width=\"1600\" height=\"1064\" src=\"https:\/\/www.european-institute.cz\/wp-content\/uploads\/2025\/11\/IMG-20251030-WA0019.jpg\" class=\"attachment-full size-full\" alt=\"\" srcset=\"https:\/\/www.european-institute.cz\/wp-content\/uploads\/2025\/11\/IMG-20251030-WA0019.jpg 1600w, https:\/\/www.european-institute.cz\/wp-content\/uploads\/2025\/11\/IMG-20251030-WA0019-300x200.jpg 300w, https:\/\/www.european-institute.cz\/wp-content\/uploads\/2025\/11\/IMG-20251030-WA0019-1024x681.jpg 1024w, https:\/\/www.european-institute.cz\/wp-content\/uploads\/2025\/11\/IMG-20251030-WA0019-768x511.jpg 768w, https:\/\/www.european-institute.cz\/wp-content\/uploads\/2025\/11\/IMG-20251030-WA0019-1536x1021.jpg 1536w, https:\/\/www.european-institute.cz\/wp-content\/uploads\/2025\/11\/IMG-20251030-WA0019-18x12.jpg 18w, https:\/\/www.european-institute.cz\/wp-content\/uploads\/2025\/11\/IMG-20251030-WA0019-800x532.jpg 800w\" sizes=\"auto, (max-width: 1600px) 100vw, 1600px\" \/><\/a>\n\t\t\t<\/div><\/figure><figure class='gallery-item'>\n\t\t\t<div class='gallery-icon landscape'>\n\t\t\t\t<a href='https:\/\/www.european-institute.cz\/en\/img-20251030-wa0020\/'><img loading=\"lazy\" decoding=\"async\" width=\"1600\" height=\"1064\" src=\"https:\/\/www.european-institute.cz\/wp-content\/uploads\/2025\/11\/IMG-20251030-WA0020.jpg\" class=\"attachment-full size-full\" alt=\"\" srcset=\"https:\/\/www.european-institute.cz\/wp-content\/uploads\/2025\/11\/IMG-20251030-WA0020.jpg 1600w, https:\/\/www.european-institute.cz\/wp-content\/uploads\/2025\/11\/IMG-20251030-WA0020-300x200.jpg 300w, https:\/\/www.european-institute.cz\/wp-content\/uploads\/2025\/11\/IMG-20251030-WA0020-1024x681.jpg 1024w, https:\/\/www.european-institute.cz\/wp-content\/uploads\/2025\/11\/IMG-20251030-WA0020-768x511.jpg 768w, https:\/\/www.european-institute.cz\/wp-content\/uploads\/2025\/11\/IMG-20251030-WA0020-1536x1021.jpg 1536w, https:\/\/www.european-institute.cz\/wp-content\/uploads\/2025\/11\/IMG-20251030-WA0020-18x12.jpg 18w, https:\/\/www.european-institute.cz\/wp-content\/uploads\/2025\/11\/IMG-20251030-WA0020-800x532.jpg 800w\" sizes=\"auto, (max-width: 1600px) 100vw, 1600px\" \/><\/a>\n\t\t\t<\/div><\/figure>\n\t\t<\/div>","protected":false},"excerpt":{"rendered":"<p>\u0160tef\u00e1nikova hv\u011bzd\u00e1rna &#8211; Muzeum TGM v\u00a0L\u00e1nech &#8211; Akademie v\u011bd \u010cR Zapsan\u00fd spolek \u010cSR \u2013 \u010ceskoslovensk\u00e9 renom\u00e9 a EUROPEAN INSTITUTE Prague tento rok ji\u017e po sedmn\u00e1ct\u00e9 uspo\u0159\u00e1daly ve spolupr\u00e1ci s tradi\u010dn\u00edmi partnery \u2013 Muzeem TGM a spole\u010dnost\u00ed M.R. \u0160tef\u00e1nika \u2013 tradi\u010dn\u00ed &#8230;<\/p>","protected":false},"author":2,"featured_media":3954,"comment_status":"closed","ping_status":"closed","sticky":false,"template":"","format":"standard","meta":{"footnotes":""},"categories":[4],"tags":[],"class_list":["post-3957","post","type-post","status-publish","format-standard","has-post-thumbnail","hentry","category-novinky"],"yoast_head":"<!-- This site is optimized with the Yoast SEO plugin v24.7 - https:\/\/yoast.com\/wordpress\/plugins\/seo\/ -->\n<title>OSLAVA ZALO\u017dEN\u00cd SAMOSTATN\u00c9 \u010cESKOSLOVENSK\u00c9 REPUBLIKY \u2013 107. V\u00ddRO\u010c\u00cd 28.10.2025 \u2013 29.10.2025 - EUROPEAN INSTITUTE<\/title>\n<meta name=\"robots\" content=\"index, follow, max-snippet:-1, max-image-preview:large, max-video-preview:-1\" \/>\n<link rel=\"canonical\" href=\"https:\/\/www.european-institute.cz\/en\/oslava-zalozeni-samostatne-ceskoslovenske-republiky-107-vyroci-28-10-2025-29-10-2025\/\" \/>\n<meta property=\"og:locale\" content=\"en_GB\" \/>\n<meta property=\"og:type\" content=\"article\" \/>\n<meta property=\"og:title\" content=\"OSLAVA ZALO\u017dEN\u00cd SAMOSTATN\u00c9 \u010cESKOSLOVENSK\u00c9 REPUBLIKY \u2013 107. V\u00ddRO\u010c\u00cd 28.10.2025 \u2013 29.10.2025 - EUROPEAN INSTITUTE\" \/>\n<meta property=\"og:description\" content=\"\u0160tef\u00e1nikova hv\u011bzd\u00e1rna &#8211; Muzeum TGM v\u00a0L\u00e1nech &#8211; Akademie v\u011bd \u010cR Zapsan\u00fd spolek \u010cSR \u2013 \u010ceskoslovensk\u00e9 renom\u00e9 a EUROPEAN INSTITUTE Prague tento rok ji\u017e po sedmn\u00e1ct\u00e9 uspo\u0159\u00e1daly ve spolupr\u00e1ci s tradi\u010dn\u00edmi partnery \u2013 Muzeem TGM a spole\u010dnost\u00ed M.R. \u0160tef\u00e1nika \u2013 tradi\u010dn\u00ed ...\" \/>\n<meta property=\"og:url\" content=\"https:\/\/www.european-institute.cz\/en\/oslava-zalozeni-samostatne-ceskoslovenske-republiky-107-vyroci-28-10-2025-29-10-2025\/\" \/>\n<meta property=\"og:site_name\" content=\"EUROPEAN INSTITUTE\" \/>\n<meta property=\"article:published_time\" content=\"2025-12-01T09:55:23+00:00\" \/>\n<meta property=\"article:modified_time\" content=\"2026-01-24T13:42:30+00:00\" \/>\n<meta property=\"og:image\" content=\"https:\/\/www.european-institute.cz\/wp-content\/uploads\/2025\/11\/IMG-20251030-WA0032.jpg\" \/>\n\t<meta property=\"og:image:width\" content=\"1600\" \/>\n\t<meta property=\"og:image:height\" content=\"1004\" \/>\n\t<meta property=\"og:image:type\" content=\"image\/jpeg\" \/>\n<meta name=\"author\" content=\"EUROPEAN INSTITUTE\" \/>\n<meta name=\"twitter:card\" content=\"summary_large_image\" \/>\n<meta name=\"twitter:label1\" content=\"Written by\" \/>\n\t<meta name=\"twitter:data1\" content=\"EUROPEAN INSTITUTE\" \/>\n\t<meta name=\"twitter:label2\" content=\"Estimated reading time\" \/>\n\t<meta name=\"twitter:data2\" content=\"6 minutes\" \/>\n<script type=\"application\/ld+json\" class=\"yoast-schema-graph\">{\"@context\":\"https:\/\/schema.org\",\"@graph\":[{\"@type\":\"WebPage\",\"@id\":\"https:\/\/www.european-institute.cz\/oslava-zalozeni-samostatne-ceskoslovenske-republiky-107-vyroci-28-10-2025-29-10-2025\/\",\"url\":\"https:\/\/www.european-institute.cz\/oslava-zalozeni-samostatne-ceskoslovenske-republiky-107-vyroci-28-10-2025-29-10-2025\/\",\"name\":\"OSLAVA ZALO\u017dEN\u00cd SAMOSTATN\u00c9 \u010cESKOSLOVENSK\u00c9 REPUBLIKY \u2013 107. V\u00ddRO\u010c\u00cd 28.10.2025 \u2013 29.10.2025 - EUROPEAN INSTITUTE\",\"isPartOf\":{\"@id\":\"https:\/\/www.european-institute.cz\/#website\"},\"primaryImageOfPage\":{\"@id\":\"https:\/\/www.european-institute.cz\/oslava-zalozeni-samostatne-ceskoslovenske-republiky-107-vyroci-28-10-2025-29-10-2025\/#primaryimage\"},\"image\":{\"@id\":\"https:\/\/www.european-institute.cz\/oslava-zalozeni-samostatne-ceskoslovenske-republiky-107-vyroci-28-10-2025-29-10-2025\/#primaryimage\"},\"thumbnailUrl\":\"https:\/\/www.european-institute.cz\/wp-content\/uploads\/2025\/11\/IMG-20251030-WA0032.jpg\",\"datePublished\":\"2025-12-01T09:55:23+00:00\",\"dateModified\":\"2026-01-24T13:42:30+00:00\",\"author\":{\"@id\":\"https:\/\/www.european-institute.cz\/#\/schema\/person\/392e21128d290a4032f121d3b99ff1ee\"},\"breadcrumb\":{\"@id\":\"https:\/\/www.european-institute.cz\/oslava-zalozeni-samostatne-ceskoslovenske-republiky-107-vyroci-28-10-2025-29-10-2025\/#breadcrumb\"},\"inLanguage\":\"en-GB\",\"potentialAction\":[{\"@type\":\"ReadAction\",\"target\":[\"https:\/\/www.european-institute.cz\/oslava-zalozeni-samostatne-ceskoslovenske-republiky-107-vyroci-28-10-2025-29-10-2025\/\"]}]},{\"@type\":\"ImageObject\",\"inLanguage\":\"en-GB\",\"@id\":\"https:\/\/www.european-institute.cz\/oslava-zalozeni-samostatne-ceskoslovenske-republiky-107-vyroci-28-10-2025-29-10-2025\/#primaryimage\",\"url\":\"https:\/\/www.european-institute.cz\/wp-content\/uploads\/2025\/11\/IMG-20251030-WA0032.jpg\",\"contentUrl\":\"https:\/\/www.european-institute.cz\/wp-content\/uploads\/2025\/11\/IMG-20251030-WA0032.jpg\",\"width\":1600,\"height\":1004},{\"@type\":\"BreadcrumbList\",\"@id\":\"https:\/\/www.european-institute.cz\/oslava-zalozeni-samostatne-ceskoslovenske-republiky-107-vyroci-28-10-2025-29-10-2025\/#breadcrumb\",\"itemListElement\":[{\"@type\":\"ListItem\",\"position\":1,\"name\":\"Dom\u016f\",\"item\":\"https:\/\/www.european-institute.cz\/\"},{\"@type\":\"ListItem\",\"position\":2,\"name\":\"OSLAVA ZALO\u017dEN\u00cd SAMOSTATN\u00c9 \u010cESKOSLOVENSK\u00c9 REPUBLIKY \u2013 107. V\u00ddRO\u010c\u00cd 28.10.2025 \u2013 29.10.2025\"}]},{\"@type\":\"WebSite\",\"@id\":\"https:\/\/www.european-institute.cz\/#website\",\"url\":\"https:\/\/www.european-institute.cz\/\",\"name\":\"EUROPEAN INSTITUTE\",\"description\":\"\",\"potentialAction\":[{\"@type\":\"SearchAction\",\"target\":{\"@type\":\"EntryPoint\",\"urlTemplate\":\"https:\/\/www.european-institute.cz\/?s={search_term_string}\"},\"query-input\":{\"@type\":\"PropertyValueSpecification\",\"valueRequired\":true,\"valueName\":\"search_term_string\"}}],\"inLanguage\":\"en-GB\"},{\"@type\":\"Person\",\"@id\":\"https:\/\/www.european-institute.cz\/#\/schema\/person\/392e21128d290a4032f121d3b99ff1ee\",\"name\":\"EUROPEAN INSTITUTE\",\"url\":\"https:\/\/www.european-institute.cz\/en\/author\/studijni\/\"}]}<\/script>\n<!-- \/ Yoast SEO plugin. -->","yoast_head_json":{"title":"OSLAVA ZALO\u017dEN\u00cd SAMOSTATN\u00c9 \u010cESKOSLOVENSK\u00c9 REPUBLIKY \u2013 107. V\u00ddRO\u010c\u00cd 28.10.2025 \u2013 29.10.2025 - EUROPEAN INSTITUTE","robots":{"index":"index","follow":"follow","max-snippet":"max-snippet:-1","max-image-preview":"max-image-preview:large","max-video-preview":"max-video-preview:-1"},"canonical":"https:\/\/www.european-institute.cz\/en\/oslava-zalozeni-samostatne-ceskoslovenske-republiky-107-vyroci-28-10-2025-29-10-2025\/","og_locale":"en_GB","og_type":"article","og_title":"OSLAVA ZALO\u017dEN\u00cd SAMOSTATN\u00c9 \u010cESKOSLOVENSK\u00c9 REPUBLIKY \u2013 107. V\u00ddRO\u010c\u00cd 28.10.2025 \u2013 29.10.2025 - EUROPEAN INSTITUTE","og_description":"\u0160tef\u00e1nikova hv\u011bzd\u00e1rna &#8211; Muzeum TGM v\u00a0L\u00e1nech &#8211; Akademie v\u011bd \u010cR Zapsan\u00fd spolek \u010cSR \u2013 \u010ceskoslovensk\u00e9 renom\u00e9 a EUROPEAN INSTITUTE Prague tento rok ji\u017e po sedmn\u00e1ct\u00e9 uspo\u0159\u00e1daly ve spolupr\u00e1ci s tradi\u010dn\u00edmi partnery \u2013 Muzeem TGM a spole\u010dnost\u00ed M.R. \u0160tef\u00e1nika \u2013 tradi\u010dn\u00ed ...","og_url":"https:\/\/www.european-institute.cz\/en\/oslava-zalozeni-samostatne-ceskoslovenske-republiky-107-vyroci-28-10-2025-29-10-2025\/","og_site_name":"EUROPEAN INSTITUTE","article_published_time":"2025-12-01T09:55:23+00:00","article_modified_time":"2026-01-24T13:42:30+00:00","og_image":[{"width":1600,"height":1004,"url":"https:\/\/www.european-institute.cz\/wp-content\/uploads\/2025\/11\/IMG-20251030-WA0032.jpg","type":"image\/jpeg"}],"author":"EUROPEAN INSTITUTE","twitter_card":"summary_large_image","twitter_misc":{"Written by":"EUROPEAN INSTITUTE","Estimated reading time":"6 minutes"},"schema":{"@context":"https:\/\/schema.org","@graph":[{"@type":"WebPage","@id":"https:\/\/www.european-institute.cz\/oslava-zalozeni-samostatne-ceskoslovenske-republiky-107-vyroci-28-10-2025-29-10-2025\/","url":"https:\/\/www.european-institute.cz\/oslava-zalozeni-samostatne-ceskoslovenske-republiky-107-vyroci-28-10-2025-29-10-2025\/","name":"OSLAVA ZALO\u017dEN\u00cd SAMOSTATN\u00c9 \u010cESKOSLOVENSK\u00c9 REPUBLIKY \u2013 107. V\u00ddRO\u010c\u00cd 28.10.2025 \u2013 29.10.2025 - EUROPEAN INSTITUTE","isPartOf":{"@id":"https:\/\/www.european-institute.cz\/#website"},"primaryImageOfPage":{"@id":"https:\/\/www.european-institute.cz\/oslava-zalozeni-samostatne-ceskoslovenske-republiky-107-vyroci-28-10-2025-29-10-2025\/#primaryimage"},"image":{"@id":"https:\/\/www.european-institute.cz\/oslava-zalozeni-samostatne-ceskoslovenske-republiky-107-vyroci-28-10-2025-29-10-2025\/#primaryimage"},"thumbnailUrl":"https:\/\/www.european-institute.cz\/wp-content\/uploads\/2025\/11\/IMG-20251030-WA0032.jpg","datePublished":"2025-12-01T09:55:23+00:00","dateModified":"2026-01-24T13:42:30+00:00","author":{"@id":"https:\/\/www.european-institute.cz\/#\/schema\/person\/392e21128d290a4032f121d3b99ff1ee"},"breadcrumb":{"@id":"https:\/\/www.european-institute.cz\/oslava-zalozeni-samostatne-ceskoslovenske-republiky-107-vyroci-28-10-2025-29-10-2025\/#breadcrumb"},"inLanguage":"en-GB","potentialAction":[{"@type":"ReadAction","target":["https:\/\/www.european-institute.cz\/oslava-zalozeni-samostatne-ceskoslovenske-republiky-107-vyroci-28-10-2025-29-10-2025\/"]}]},{"@type":"ImageObject","inLanguage":"en-GB","@id":"https:\/\/www.european-institute.cz\/oslava-zalozeni-samostatne-ceskoslovenske-republiky-107-vyroci-28-10-2025-29-10-2025\/#primaryimage","url":"https:\/\/www.european-institute.cz\/wp-content\/uploads\/2025\/11\/IMG-20251030-WA0032.jpg","contentUrl":"https:\/\/www.european-institute.cz\/wp-content\/uploads\/2025\/11\/IMG-20251030-WA0032.jpg","width":1600,"height":1004},{"@type":"BreadcrumbList","@id":"https:\/\/www.european-institute.cz\/oslava-zalozeni-samostatne-ceskoslovenske-republiky-107-vyroci-28-10-2025-29-10-2025\/#breadcrumb","itemListElement":[{"@type":"ListItem","position":1,"name":"Dom\u016f","item":"https:\/\/www.european-institute.cz\/"},{"@type":"ListItem","position":2,"name":"OSLAVA ZALO\u017dEN\u00cd SAMOSTATN\u00c9 \u010cESKOSLOVENSK\u00c9 REPUBLIKY \u2013 107. V\u00ddRO\u010c\u00cd 28.10.2025 \u2013 29.10.2025"}]},{"@type":"WebSite","@id":"https:\/\/www.european-institute.cz\/#website","url":"https:\/\/www.european-institute.cz\/","name":"EUROPEAN INSTITUTE","description":"","potentialAction":[{"@type":"SearchAction","target":{"@type":"EntryPoint","urlTemplate":"https:\/\/www.european-institute.cz\/?s={search_term_string}"},"query-input":{"@type":"PropertyValueSpecification","valueRequired":true,"valueName":"search_term_string"}}],"inLanguage":"en-GB"},{"@type":"Person","@id":"https:\/\/www.european-institute.cz\/#\/schema\/person\/392e21128d290a4032f121d3b99ff1ee","name":"EUROPEAN INSTITUTE","url":"https:\/\/www.european-institute.cz\/en\/author\/studijni\/"}]}},"_links":{"self":[{"href":"https:\/\/www.european-institute.cz\/en\/wp-json\/wp\/v2\/posts\/3957","targetHints":{"allow":["GET"]}}],"collection":[{"href":"https:\/\/www.european-institute.cz\/en\/wp-json\/wp\/v2\/posts"}],"about":[{"href":"https:\/\/www.european-institute.cz\/en\/wp-json\/wp\/v2\/types\/post"}],"author":[{"embeddable":true,"href":"https:\/\/www.european-institute.cz\/en\/wp-json\/wp\/v2\/users\/2"}],"replies":[{"embeddable":true,"href":"https:\/\/www.european-institute.cz\/en\/wp-json\/wp\/v2\/comments?post=3957"}],"version-history":[{"count":40,"href":"https:\/\/www.european-institute.cz\/en\/wp-json\/wp\/v2\/posts\/3957\/revisions"}],"predecessor-version":[{"id":4062,"href":"https:\/\/www.european-institute.cz\/en\/wp-json\/wp\/v2\/posts\/3957\/revisions\/4062"}],"wp:featuredmedia":[{"embeddable":true,"href":"https:\/\/www.european-institute.cz\/en\/wp-json\/wp\/v2\/media\/3954"}],"wp:attachment":[{"href":"https:\/\/www.european-institute.cz\/en\/wp-json\/wp\/v2\/media?parent=3957"}],"wp:term":[{"taxonomy":"category","embeddable":true,"href":"https:\/\/www.european-institute.cz\/en\/wp-json\/wp\/v2\/categories?post=3957"},{"taxonomy":"post_tag","embeddable":true,"href":"https:\/\/www.european-institute.cz\/en\/wp-json\/wp\/v2\/tags?post=3957"}],"curies":[{"name":"wp","href":"https:\/\/api.w.org\/{rel}","templated":true}]}}